{"id":3783,"date":"2026-03-10T12:18:14","date_gmt":"2026-03-10T10:18:14","guid":{"rendered":"https:\/\/marskylainen.fi\/?p=3783"},"modified":"2026-03-10T12:18:47","modified_gmt":"2026-03-10T10:18:47","slug":"marskyjen-kansainvalinen-vaihto-espanjaan","status":"publish","type":"post","link":"https:\/\/marskylainen.fi\/?p=3783","title":{"rendered":"M\u00e4rskyjen kansainv\u00e4linen vaihto Espanjaan"},"content":{"rendered":"\n<p>Syksyll\u00e4 ryhm\u00e4 m\u00e4rskyj\u00e4 ja kaksi M\u00e4rsky-opea l\u00e4htiv\u00e4t viikon mittaiseen Erasmus+-vaihtoon Espanjaan. Lue alta opiskelijoiden matkap\u00e4iv\u00e4kirja, jota rikastuttaa lukuisat ihanat kuvat.<\/p>\n\n\n\n<!--more-->\n\n\n\n<p><strong>MAANANTAI<\/strong><\/p>\n\n\n\n<p>Maanantaina Erasmus+-vaihtomme kohti Barcelonaa alkoi. Matkassa meit\u00e4 oli yhteens\u00e4 15 opiskelijaa ja kaksi opettajaa, Elina Jarho sek\u00e4 Pirjo Haikonen. Osa opiskelijoista ja opettajat saapuivat Helsinki-Vantaan lentokent\u00e4lle suoraan koulup\u00e4iv\u00e4n p\u00e4\u00e4tteksi. Loput opiskelijat saapuivat kent\u00e4lle omatoimisesti. Lentokent\u00e4n matkaev\u00e4sostoksien ja turvatarkastusten j\u00e4lkeen s\u00f6imme ennen lentoamme kohti Barceloonaa.\u00a0<\/p>\n\n\n<div class=\"wp-block-image\">\n<figure class=\"aligncenter size-large\"><img loading=\"lazy\" decoding=\"async\" width=\"576\" height=\"1024\" src=\"http:\/\/marskylainen.fi\/wp-content\/uploads\/2026\/03\/Blogi-vuosikertomustekstit-1.-helmik.-2026-klo-12.462-576x1024.jpg\" alt=\"\" class=\"wp-image-3784\" srcset=\"https:\/\/marskylainen.fi\/wp-content\/uploads\/2026\/03\/Blogi-vuosikertomustekstit-1.-helmik.-2026-klo-12.462-576x1024.jpg 576w, https:\/\/marskylainen.fi\/wp-content\/uploads\/2026\/03\/Blogi-vuosikertomustekstit-1.-helmik.-2026-klo-12.462-169x300.jpg 169w, https:\/\/marskylainen.fi\/wp-content\/uploads\/2026\/03\/Blogi-vuosikertomustekstit-1.-helmik.-2026-klo-12.462-768x1365.jpg 768w, https:\/\/marskylainen.fi\/wp-content\/uploads\/2026\/03\/Blogi-vuosikertomustekstit-1.-helmik.-2026-klo-12.462-864x1536.jpg 864w, https:\/\/marskylainen.fi\/wp-content\/uploads\/2026\/03\/Blogi-vuosikertomustekstit-1.-helmik.-2026-klo-12.462-1152x2048.jpg 1152w, https:\/\/marskylainen.fi\/wp-content\/uploads\/2026\/03\/Blogi-vuosikertomustekstit-1.-helmik.-2026-klo-12.462-309x550.jpg 309w, https:\/\/marskylainen.fi\/wp-content\/uploads\/2026\/03\/Blogi-vuosikertomustekstit-1.-helmik.-2026-klo-12.462-281x500.jpg 281w, https:\/\/marskylainen.fi\/wp-content\/uploads\/2026\/03\/Blogi-vuosikertomustekstit-1.-helmik.-2026-klo-12.462.jpg 1242w\" sizes=\"auto, (max-width: 576px) 100vw, 576px\" \/><\/figure>\n<\/div>\n\n\n<p>Iltap\u00e4iv\u00e4\/iltalento meni nopeasti.&nbsp;<\/p>\n\n\n\n<p>Barcelonaan laskeuduttuamme j\u00e4nnitys alkoi huipentua, kun pian tapaisimme host-perheemme. Kun kaikki matkalaukut oli saatu, k\u00e4velimme ulos lentokent\u00e4n \u201codotusaulaan\u201d, jossa tapasimme vaihtoparimme perheineen. Siit\u00e4 jokainen l\u00e4hti kohti omaa host-perheen kotia. Autolla matka Barceloonan lentokent\u00e4lt\u00e4 kohti Sant Fost de Campsentelles -kyl\u00e4\u00e4 kesti v\u00e4h\u00e4n alle tunnin. Jokaisen vaihtarin\u00a0 ilta meni oman host-perheen ohjelman mukaan. Kello oli tuohon aikaan jo melko paljon, joten suurin osa vain asettui taloon ja s\u00f6i illallisen.\u00a0<\/p>\n\n\n\n<p><strong>TIISTAI<\/strong><\/p>\n\n\n\n<p>Tiistai oli ensimm\u00e4inen kokonainen p\u00e4iv\u00e4 Barcelonassa, ja vietimme sen\u00a0 vaihtareiden kanssa heid\u00e4n koulussaan Institut Alba del Vall\u00e8s&#8217;ssa. Koulup\u00e4iv\u00e4n\u00e4 teimme projektiamme. Projektin idea oli tutustua ja luoda esitys koko ryhm\u00e4lle jostain ilmastonmuutoksen haitasta merten ekosysteemiin. Koulup\u00e4iv\u00e4n aikana meill\u00e4 oli yksi pitempi tauko, niin sanottu ruokatunti, ja muutama lyhyt tauko. Ruokatunnilla suuntasimme yhdess\u00e4 espanjalaisten kanssa kauppaan ostamaan ev\u00e4st\u00e4.\u00a0<\/p>\n\n\n<div class=\"wp-block-image\">\n<figure class=\"aligncenter size-large\"><img loading=\"lazy\" decoding=\"async\" width=\"530\" height=\"1024\" src=\"http:\/\/marskylainen.fi\/wp-content\/uploads\/2026\/03\/Blogi-vuosikertomustekstit-1.-helmik.-2026-klo-12.33-530x1024.jpg\" alt=\"\" class=\"wp-image-3785\" srcset=\"https:\/\/marskylainen.fi\/wp-content\/uploads\/2026\/03\/Blogi-vuosikertomustekstit-1.-helmik.-2026-klo-12.33-530x1024.jpg 530w, https:\/\/marskylainen.fi\/wp-content\/uploads\/2026\/03\/Blogi-vuosikertomustekstit-1.-helmik.-2026-klo-12.33-155x300.jpg 155w, https:\/\/marskylainen.fi\/wp-content\/uploads\/2026\/03\/Blogi-vuosikertomustekstit-1.-helmik.-2026-klo-12.33-768x1484.jpg 768w, https:\/\/marskylainen.fi\/wp-content\/uploads\/2026\/03\/Blogi-vuosikertomustekstit-1.-helmik.-2026-klo-12.33-795x1536.jpg 795w, https:\/\/marskylainen.fi\/wp-content\/uploads\/2026\/03\/Blogi-vuosikertomustekstit-1.-helmik.-2026-klo-12.33-1060x2048.jpg 1060w, https:\/\/marskylainen.fi\/wp-content\/uploads\/2026\/03\/Blogi-vuosikertomustekstit-1.-helmik.-2026-klo-12.33-285x550.jpg 285w, https:\/\/marskylainen.fi\/wp-content\/uploads\/2026\/03\/Blogi-vuosikertomustekstit-1.-helmik.-2026-klo-12.33-259x500.jpg 259w, https:\/\/marskylainen.fi\/wp-content\/uploads\/2026\/03\/Blogi-vuosikertomustekstit-1.-helmik.-2026-klo-12.33.jpg 1179w\" sizes=\"auto, (max-width: 530px) 100vw, 530px\" \/><\/figure>\n<\/div>\n\n\n<p>Iltap\u00e4iv\u00e4ll\u00e4 koulun j\u00e4lkeen jokainen teki oman vaihtarin kanssa jotain. Osa oli esimerkiksi salilla. Illalla menimme seuraamaan perinteist\u00e4 katalonialaista perinnett\u00e4, jossa rakennetaan ihmispyramideja. Osa porukasta meni sy\u00f6m\u00e4\u00e4n illallista ravintolaan ja osa suuntasi kotiin.<\/p>\n\n\n\n<p><strong>KESKIVIIKKO<\/strong><\/p>\n\n\n\n<p>Keskiviikkona aamulla tapasimme kaikki koulussa. Siit\u00e4 jatkoimme matkaa ruuhkassa yli tunnin Cram meriel\u00e4inten sairaalaan toiselle puolelle Barcelonaa. Matka sinne oli upea, koska ajoimme Barcelonan l\u00e4pi. Cram oli upea kokemus. Opimme paljon kilpikonnista ja niiden roolista Espanjan rannikoilla. Sen j\u00e4lkeen menimme viereiselle luonnonsuojelualueelle, jossa n\u00e4kyi erilaisia lintulajeja ja villihevosia. T\u00e4m\u00e4n j\u00e4lkeen vietimme yhdess\u00e4 p\u00e4iv\u00e4n Barcelonassa shoppailemassa, sy\u00f6m\u00e4ss\u00e4 ja katsomassa n\u00e4ht\u00e4vyyksi\u00e4. P\u00e4iv\u00e4n p\u00e4\u00e4tteeksi menimme vaihtareileillemme viett\u00e4m\u00e4\u00e4n illan laatuaikaa.\u00a0<\/p>\n\n\n<div class=\"wp-block-image\">\n<figure class=\"aligncenter size-large\"><img loading=\"lazy\" decoding=\"async\" width=\"1024\" height=\"659\" src=\"http:\/\/marskylainen.fi\/wp-content\/uploads\/2026\/03\/Blogi-vuosikertomustekstit-1.-helmik.-2026-klo-12.335-1024x659.jpg\" alt=\"\" class=\"wp-image-3786\" srcset=\"https:\/\/marskylainen.fi\/wp-content\/uploads\/2026\/03\/Blogi-vuosikertomustekstit-1.-helmik.-2026-klo-12.335-1024x659.jpg 1024w, https:\/\/marskylainen.fi\/wp-content\/uploads\/2026\/03\/Blogi-vuosikertomustekstit-1.-helmik.-2026-klo-12.335-350x225.jpg 350w, https:\/\/marskylainen.fi\/wp-content\/uploads\/2026\/03\/Blogi-vuosikertomustekstit-1.-helmik.-2026-klo-12.335-768x494.jpg 768w, https:\/\/marskylainen.fi\/wp-content\/uploads\/2026\/03\/Blogi-vuosikertomustekstit-1.-helmik.-2026-klo-12.335-465x299.jpg 465w, https:\/\/marskylainen.fi\/wp-content\/uploads\/2026\/03\/Blogi-vuosikertomustekstit-1.-helmik.-2026-klo-12.335-695x447.jpg 695w, https:\/\/marskylainen.fi\/wp-content\/uploads\/2026\/03\/Blogi-vuosikertomustekstit-1.-helmik.-2026-klo-12.335.jpg 1244w\" sizes=\"auto, (max-width: 1024px) 100vw, 1024px\" \/><\/figure>\n<\/div>\n\n\n<p><strong>TORSTAI<\/strong><\/p>\n\n\n\n<p>Torstaina alkup\u00e4iv\u00e4n menoja peruutettiin rankkojen sademyrskyjen takia. P\u00e4iv\u00e4ll\u00e4 p\u00e4\u00e4simme kuitenkin ihastelemaan Casa Batliota. T\u00e4m\u00e4n j\u00e4lkeen oli taas vapaata aikaa Barcelonassa katsomassa sen monia n\u00e4ht\u00e4vyyksi\u00e4. Kaikki meniv\u00e4t omia reittej\u00e4\u00e4n ja olivat joko illat ulkona keskustassa tai vaihtareilla kotonaan.<\/p>\n\n\n<div class=\"wp-block-image\">\n<figure class=\"aligncenter size-large\"><img loading=\"lazy\" decoding=\"async\" width=\"768\" height=\"1024\" src=\"http:\/\/marskylainen.fi\/wp-content\/uploads\/2026\/03\/Blogi-vuosikertomustekstit-1.-helmik.-2026-klo-12.411-768x1024.jpg\" alt=\"\" class=\"wp-image-3787\" srcset=\"https:\/\/marskylainen.fi\/wp-content\/uploads\/2026\/03\/Blogi-vuosikertomustekstit-1.-helmik.-2026-klo-12.411-768x1024.jpg 768w, https:\/\/marskylainen.fi\/wp-content\/uploads\/2026\/03\/Blogi-vuosikertomustekstit-1.-helmik.-2026-klo-12.411-225x300.jpg 225w, https:\/\/marskylainen.fi\/wp-content\/uploads\/2026\/03\/Blogi-vuosikertomustekstit-1.-helmik.-2026-klo-12.411-1152x1536.jpg 1152w, https:\/\/marskylainen.fi\/wp-content\/uploads\/2026\/03\/Blogi-vuosikertomustekstit-1.-helmik.-2026-klo-12.411-413x550.jpg 413w, https:\/\/marskylainen.fi\/wp-content\/uploads\/2026\/03\/Blogi-vuosikertomustekstit-1.-helmik.-2026-klo-12.411-375x500.jpg 375w, https:\/\/marskylainen.fi\/wp-content\/uploads\/2026\/03\/Blogi-vuosikertomustekstit-1.-helmik.-2026-klo-12.411.jpg 1530w\" sizes=\"auto, (max-width: 768px) 100vw, 768px\" \/><\/figure>\n<\/div>\n\n\n<p>PERJANTAI<\/p>\n\n\n\n<p>Perjantaina s\u00e4\u00e4 oli selkeytynyt ja aamu alkoi koululta, jossa viimeistelimme projekti ty\u00f6mme valmiiksi. Sitten meill\u00e4 oli ty\u00f6paja, miss\u00e4 teimme itse vesiv\u00e4rej\u00e4. Maalasimme v\u00e4reill\u00e4 kankaille. Sen j\u00e4lkeen l\u00e4hdimme yhdess\u00e4 k\u00e4vellen toiseen lokaatioon, jossa esittelisimme ryhmitt\u00e4in tekem\u00e4mme esitykset muille. Esitysten j\u00e4lkeen s\u00f6imme yhdess\u00e4 v\u00e4lipalaa viereisess\u00e4 ravintolassa. Kaikilla oli vaihtelevat suunnitelmat illalle. Osa suuntasi kohti Barcelonan keskustaa ja rantaa. Toiset meniv\u00e4t treenaamaan. Osa puolestaan vietti iltaa kotona vaihtariensa kanssa.<\/p>\n\n\n<div class=\"wp-block-image\">\n<figure class=\"aligncenter size-large\"><img loading=\"lazy\" decoding=\"async\" width=\"768\" height=\"1024\" src=\"http:\/\/marskylainen.fi\/wp-content\/uploads\/2026\/03\/Blogi-vuosikertomustekstit-1.-helmik.-2026-klo-12.413-768x1024.jpg\" alt=\"\" class=\"wp-image-3788\" srcset=\"https:\/\/marskylainen.fi\/wp-content\/uploads\/2026\/03\/Blogi-vuosikertomustekstit-1.-helmik.-2026-klo-12.413-768x1024.jpg 768w, https:\/\/marskylainen.fi\/wp-content\/uploads\/2026\/03\/Blogi-vuosikertomustekstit-1.-helmik.-2026-klo-12.413-225x300.jpg 225w, https:\/\/marskylainen.fi\/wp-content\/uploads\/2026\/03\/Blogi-vuosikertomustekstit-1.-helmik.-2026-klo-12.413-1152x1536.jpg 1152w, https:\/\/marskylainen.fi\/wp-content\/uploads\/2026\/03\/Blogi-vuosikertomustekstit-1.-helmik.-2026-klo-12.413-413x550.jpg 413w, https:\/\/marskylainen.fi\/wp-content\/uploads\/2026\/03\/Blogi-vuosikertomustekstit-1.-helmik.-2026-klo-12.413-375x500.jpg 375w, https:\/\/marskylainen.fi\/wp-content\/uploads\/2026\/03\/Blogi-vuosikertomustekstit-1.-helmik.-2026-klo-12.413.jpg 1530w\" sizes=\"auto, (max-width: 768px) 100vw, 768px\" \/><\/figure>\n<\/div>\n\n\n<p><strong>LAUANTAI<\/strong><\/p>\n\n\n\n<p>Viikonloppuna ei ollut en\u00e4\u00e4 yhteist\u00e4 koulun j\u00e4rjest\u00e4m\u00e4\u00e4 ohjelmaa, joten kaikki viettiv\u00e4t aikaa host-perheens\u00e4 kanssa. Monen p\u00e4iv\u00e4\u00e4n kuului esimerkiksi vuorilla tai\u00a0 kaupungilla k\u00e4vely. Illemmalla yhdell\u00e4 hosteista oli jalkapallopeli, johon tuli suurin osa porukasta. Moni k\u00e4vi my\u00f6s illasta La Maquinista- nimisess\u00e4 ostoskeskuksessa yhdess\u00e4 hostien kanssa.\u00a0<\/p>\n\n\n\n<figure class=\"wp-block-image size-large\"><img loading=\"lazy\" decoding=\"async\" width=\"768\" height=\"1024\" src=\"http:\/\/marskylainen.fi\/wp-content\/uploads\/2026\/03\/Blogi-vuosikertomustekstit-1.-helmik.-2026-klo-12.339-768x1024.jpg\" alt=\"\" class=\"wp-image-3792\" srcset=\"https:\/\/marskylainen.fi\/wp-content\/uploads\/2026\/03\/Blogi-vuosikertomustekstit-1.-helmik.-2026-klo-12.339-768x1024.jpg 768w, https:\/\/marskylainen.fi\/wp-content\/uploads\/2026\/03\/Blogi-vuosikertomustekstit-1.-helmik.-2026-klo-12.339-225x300.jpg 225w, https:\/\/marskylainen.fi\/wp-content\/uploads\/2026\/03\/Blogi-vuosikertomustekstit-1.-helmik.-2026-klo-12.339-1152x1536.jpg 1152w, https:\/\/marskylainen.fi\/wp-content\/uploads\/2026\/03\/Blogi-vuosikertomustekstit-1.-helmik.-2026-klo-12.339-1536x2048.jpg 1536w, https:\/\/marskylainen.fi\/wp-content\/uploads\/2026\/03\/Blogi-vuosikertomustekstit-1.-helmik.-2026-klo-12.339-413x550.jpg 413w, https:\/\/marskylainen.fi\/wp-content\/uploads\/2026\/03\/Blogi-vuosikertomustekstit-1.-helmik.-2026-klo-12.339-375x500.jpg 375w, https:\/\/marskylainen.fi\/wp-content\/uploads\/2026\/03\/Blogi-vuosikertomustekstit-1.-helmik.-2026-klo-12.339-scaled.jpg 1920w\" sizes=\"auto, (max-width: 768px) 100vw, 768px\" \/><\/figure>\n\n\n\n\n\n<figure class=\"wp-block-image size-large\"><img loading=\"lazy\" decoding=\"async\" width=\"787\" height=\"1024\" src=\"http:\/\/marskylainen.fi\/wp-content\/uploads\/2026\/03\/Blogi-vuosikertomustekstit-1.-helmik.-2026-klo-12.337-787x1024.jpg\" alt=\"\" class=\"wp-image-3793\" srcset=\"https:\/\/marskylainen.fi\/wp-content\/uploads\/2026\/03\/Blogi-vuosikertomustekstit-1.-helmik.-2026-klo-12.337-787x1024.jpg 787w, https:\/\/marskylainen.fi\/wp-content\/uploads\/2026\/03\/Blogi-vuosikertomustekstit-1.-helmik.-2026-klo-12.337-231x300.jpg 231w, https:\/\/marskylainen.fi\/wp-content\/uploads\/2026\/03\/Blogi-vuosikertomustekstit-1.-helmik.-2026-klo-12.337-768x999.jpg 768w, https:\/\/marskylainen.fi\/wp-content\/uploads\/2026\/03\/Blogi-vuosikertomustekstit-1.-helmik.-2026-klo-12.337-1181x1536.jpg 1181w, https:\/\/marskylainen.fi\/wp-content\/uploads\/2026\/03\/Blogi-vuosikertomustekstit-1.-helmik.-2026-klo-12.337-423x550.jpg 423w, https:\/\/marskylainen.fi\/wp-content\/uploads\/2026\/03\/Blogi-vuosikertomustekstit-1.-helmik.-2026-klo-12.337-384x500.jpg 384w, https:\/\/marskylainen.fi\/wp-content\/uploads\/2026\/03\/Blogi-vuosikertomustekstit-1.-helmik.-2026-klo-12.337.jpg 1230w\" sizes=\"auto, (max-width: 787px) 100vw, 787px\" \/><\/figure>\n\n\n\n<p><strong>SUNNUNTAI<\/strong><\/p>\n\n\n\n<p> Sunnuntai oli edelleen vapaata toimintaa. Suurin osa suomalaisista l\u00e4hti Barcelonaan katsomaan sagrada familiaa vaihtareiden kanssa. Illemmalla k\u00e4vimme my\u00f6s k\u00e4velem\u00e4ss\u00e4 La Barceloneta -rannalla, jonka j\u00e4lkeen menimme my\u00f6s l\u00e4hell\u00e4 sijaitsevaan maailmanpy\u00f6r\u00e4\u00e4n.\u00a0<\/p>\n\n\n<div class=\"wp-block-image\">\n<figure class=\"aligncenter size-large\"><img loading=\"lazy\" decoding=\"async\" width=\"768\" height=\"1024\" src=\"http:\/\/marskylainen.fi\/wp-content\/uploads\/2026\/03\/Blogi-vuosikertomustekstit-1.-helmik.-2026-klo-12.3315-768x1024.jpg\" alt=\"\" class=\"wp-image-3790\" srcset=\"https:\/\/marskylainen.fi\/wp-content\/uploads\/2026\/03\/Blogi-vuosikertomustekstit-1.-helmik.-2026-klo-12.3315-768x1024.jpg 768w, https:\/\/marskylainen.fi\/wp-content\/uploads\/2026\/03\/Blogi-vuosikertomustekstit-1.-helmik.-2026-klo-12.3315-225x300.jpg 225w, https:\/\/marskylainen.fi\/wp-content\/uploads\/2026\/03\/Blogi-vuosikertomustekstit-1.-helmik.-2026-klo-12.3315-1152x1536.jpg 1152w, https:\/\/marskylainen.fi\/wp-content\/uploads\/2026\/03\/Blogi-vuosikertomustekstit-1.-helmik.-2026-klo-12.3315-413x550.jpg 413w, https:\/\/marskylainen.fi\/wp-content\/uploads\/2026\/03\/Blogi-vuosikertomustekstit-1.-helmik.-2026-klo-12.3315-375x500.jpg 375w, https:\/\/marskylainen.fi\/wp-content\/uploads\/2026\/03\/Blogi-vuosikertomustekstit-1.-helmik.-2026-klo-12.3315.jpg 1536w\" sizes=\"auto, (max-width: 768px) 100vw, 768px\" \/><\/figure>\n<\/div>\n\n<div class=\"wp-block-image\">\n<figure class=\"aligncenter size-large\"><img loading=\"lazy\" decoding=\"async\" width=\"1024\" height=\"767\" src=\"http:\/\/marskylainen.fi\/wp-content\/uploads\/2026\/03\/Blogi-vuosikertomustekstit-1.-helmik.-2026-klo-12.3312-1024x767.jpg\" alt=\"\" class=\"wp-image-3789\" srcset=\"https:\/\/marskylainen.fi\/wp-content\/uploads\/2026\/03\/Blogi-vuosikertomustekstit-1.-helmik.-2026-klo-12.3312-1024x767.jpg 1024w, https:\/\/marskylainen.fi\/wp-content\/uploads\/2026\/03\/Blogi-vuosikertomustekstit-1.-helmik.-2026-klo-12.3312-350x262.jpg 350w, https:\/\/marskylainen.fi\/wp-content\/uploads\/2026\/03\/Blogi-vuosikertomustekstit-1.-helmik.-2026-klo-12.3312-768x575.jpg 768w, https:\/\/marskylainen.fi\/wp-content\/uploads\/2026\/03\/Blogi-vuosikertomustekstit-1.-helmik.-2026-klo-12.3312-465x348.jpg 465w, https:\/\/marskylainen.fi\/wp-content\/uploads\/2026\/03\/Blogi-vuosikertomustekstit-1.-helmik.-2026-klo-12.3312-668x500.jpg 668w, https:\/\/marskylainen.fi\/wp-content\/uploads\/2026\/03\/Blogi-vuosikertomustekstit-1.-helmik.-2026-klo-12.3312.jpg 1242w\" sizes=\"auto, (max-width: 1024px) 100vw, 1024px\" \/><\/figure>\n<\/div>\n\n\n<p><strong>MAANANTAI<\/strong><\/p>\n\n\n\n<p>Maanantai oli l\u00e4ht\u00f6p\u00e4iv\u00e4. Tapasimme aamukuudelta Sant fostin juna-asemalla. Hyv\u00e4stelimme vaihtarimme ja host-perheet, mink\u00e4 j\u00e4lkeen l\u00e4hdimme junalla kohti lentokentt\u00e4\u00e4. Matka sujui moitteettomasti lukuunottamatta ahdistusta siit\u00e4, onko matkalaukku liian painava mahtuakseen koneeseen&#8230; Kaikki selvisiv\u00e4t bag dropista sek\u00e4 turvatarkastuksesta. S\u00f6imme hyv\u00e4n aamiaisen lentokent\u00e4ll\u00e4, meinasimme my\u00f6h\u00e4sty\u00e4 koneesta, mutta silti p\u00e4\u00e4simme turvallisesti Helsinki-Vantaan lentokent\u00e4lle. Sielt\u00e4 kaikki l\u00e4htiv\u00e4t kotiin yksitellen.<\/p>\n\n\n<div class=\"wp-block-image\">\n<figure class=\"aligncenter size-large\"><img loading=\"lazy\" decoding=\"async\" width=\"768\" height=\"1024\" src=\"http:\/\/marskylainen.fi\/wp-content\/uploads\/2026\/03\/Blogi-vuosikertomustekstit-1.-helmik.-2026-klo-12.3319-768x1024.jpg\" alt=\"\" class=\"wp-image-3791\" srcset=\"https:\/\/marskylainen.fi\/wp-content\/uploads\/2026\/03\/Blogi-vuosikertomustekstit-1.-helmik.-2026-klo-12.3319-768x1024.jpg 768w, https:\/\/marskylainen.fi\/wp-content\/uploads\/2026\/03\/Blogi-vuosikertomustekstit-1.-helmik.-2026-klo-12.3319-225x300.jpg 225w, https:\/\/marskylainen.fi\/wp-content\/uploads\/2026\/03\/Blogi-vuosikertomustekstit-1.-helmik.-2026-klo-12.3319-1152x1536.jpg 1152w, https:\/\/marskylainen.fi\/wp-content\/uploads\/2026\/03\/Blogi-vuosikertomustekstit-1.-helmik.-2026-klo-12.3319-413x550.jpg 413w, https:\/\/marskylainen.fi\/wp-content\/uploads\/2026\/03\/Blogi-vuosikertomustekstit-1.-helmik.-2026-klo-12.3319-375x500.jpg 375w, https:\/\/marskylainen.fi\/wp-content\/uploads\/2026\/03\/Blogi-vuosikertomustekstit-1.-helmik.-2026-klo-12.3319.jpg 1536w\" sizes=\"auto, (max-width: 768px) 100vw, 768px\" \/><\/figure>\n<\/div>","protected":false},"excerpt":{"rendered":"<p>Syksyll\u00e4 ryhm\u00e4 m\u00e4rskyj\u00e4 ja kaksi M\u00e4rsky-opea l\u00e4htiv\u00e4t viikon mittaiseen Erasmus+-vaihtoon Espanjaan. Lue alta opiskelijoiden matkap\u00e4iv\u00e4kirja, jota rikastuttaa lukuisat ihanat kuvat.<span class=\"more-link\"><a href=\"https:\/\/marskylainen.fi\/?p=3783\">Lue lis\u00e4\u00e4&#8230;<\/a><\/span><\/p>\n","protected":false},"author":11,"featured_media":3792,"comment_status":"open","ping_status":"open","sticky":false,"template":"","format":"standard","meta":{"footnotes":""},"categories":[1,423,6,4],"tags":[],"class_list":["entry","author-mwp_auroora","has-more-link","post-3783","post","type-post","status-publish","format-standard","has-post-thumbnail","category-ei-kategoriaa","category-erasmus","category-marskytmaailmalla","category-oppilastoita"],"_links":{"self":[{"href":"https:\/\/marskylainen.fi\/index.php?rest_route=\/wp\/v2\/posts\/3783","targetHints":{"allow":["GET"]}}],"collection":[{"href":"https:\/\/marskylainen.fi\/index.php?rest_route=\/wp\/v2\/posts"}],"about":[{"href":"https:\/\/marskylainen.fi\/index.php?rest_route=\/wp\/v2\/types\/post"}],"author":[{"embeddable":true,"href":"https:\/\/marskylainen.fi\/index.php?rest_route=\/wp\/v2\/users\/11"}],"replies":[{"embeddable":true,"href":"https:\/\/marskylainen.fi\/index.php?rest_route=%2Fwp%2Fv2%2Fcomments&post=3783"}],"version-history":[{"count":1,"href":"https:\/\/marskylainen.fi\/index.php?rest_route=\/wp\/v2\/posts\/3783\/revisions"}],"predecessor-version":[{"id":3794,"href":"https:\/\/marskylainen.fi\/index.php?rest_route=\/wp\/v2\/posts\/3783\/revisions\/3794"}],"wp:featuredmedia":[{"embeddable":true,"href":"https:\/\/marskylainen.fi\/index.php?rest_route=\/wp\/v2\/media\/3792"}],"wp:attachment":[{"href":"https:\/\/marskylainen.fi\/index.php?rest_route=%2Fwp%2Fv2%2Fmedia&parent=3783"}],"wp:term":[{"taxonomy":"category","embeddable":true,"href":"https:\/\/marskylainen.fi\/index.php?rest_route=%2Fwp%2Fv2%2Fcategories&post=3783"},{"taxonomy":"post_tag","embeddable":true,"href":"https:\/\/marskylainen.fi\/index.php?rest_route=%2Fwp%2Fv2%2Ftags&post=3783"}],"curies":[{"name":"wp","href":"https:\/\/api.w.org\/{rel}","templated":true}]}}