{"id":3710,"date":"2025-04-09T12:30:42","date_gmt":"2025-04-09T09:30:42","guid":{"rendered":"http:\/\/marskylainen.fi\/?p=3710"},"modified":"2025-04-09T12:37:19","modified_gmt":"2025-04-09T09:37:19","slug":"opiskelijahaastattelu-2","status":"publish","type":"post","link":"https:\/\/marskylainen.fi\/?p=3710","title":{"rendered":"Opiskelijahaastattelu"},"content":{"rendered":"\n<p>Haastattelin Louna-Lumia Seikkulaa, joka on M\u00e4kel\u00e4nrinteen lukion opiskelija ja judon lajikapteeni. Haastattelu oli osa \u00c4I9-puheviestinn\u00e4n opintojaksoa. Lue, millaisia on olla lajikapteeni ja millaisia teht\u00e4vi\u00e4 siihen kuuluu.<\/p>\n\n\n\n<!--more-->\n\n\n\n<ol class=\"wp-block-list\">\n<li><strong>Miksi hait M\u00e4kel\u00e4nrinteen lukioon?<\/strong><\/li>\n<\/ol>\n\n\n\n<p>Hain M\u00e4rskyyn, jotta saisin laadukkaampaa lajinomaista harjoittelua. Rovaniemell\u00e4 ei ollut juuri ket\u00e4\u00e4n, kenen kanssa harjoitella tavoitteellisesti.<\/p>\n\n\n\n<p>2. <strong>Mit\u00e4 lajia edustat?<\/strong><\/p>\n\n\n\n<p>Judoa.<\/p>\n\n\n\n<ol start=\"3\" class=\"wp-block-list\">\n<li><strong>Miten p\u00e4\u00e4dyit lajisi lajikapteeniksi?<\/strong><\/li>\n<\/ol>\n\n\n\n<p>Valmentaja valitsi ehdokkaat, ja lajikaverit \u00e4\u00e4nestiv\u00e4t lajikapteenin. En siis varsinaisesti hakenut itse mutta ilmeisesti sovin teht\u00e4v\u00e4\u00e4n.<\/p>\n\n\n\n<ol start=\"4\" class=\"wp-block-list\">\n<li><strong>Millaista on olla lajikapteeni?<\/strong><\/li>\n<\/ol>\n\n\n\n<p>Aika rentoa. Lajin sis\u00e4isesti ilmapiiri on hyv\u00e4 ja positiivinen, joten ei ole valittamista.&nbsp;<\/p>\n\n\n\n<ol start=\"5\" class=\"wp-block-list\">\n<li><strong>Mit\u00e4 siihen kuuluu?<\/strong><\/li>\n<\/ol>\n\n\n\n<p>Hyv\u00e4n ilmapiirin yll\u00e4pit\u00e4minen, toisten kuunteleminen ja auttaminen, mik\u00e4li joku tarvitsee apua. Lajikapteenit my\u00f6s huolehtivat judokoiden someviikon toteuttamisesta M\u00e4rskyn Instagramiin. Vuoden lopuksi kuuluu my\u00f6s tehd\u00e4 judokoiden kuluneesta vuodesta vuosikertomus M\u00e4rskyn vuosikirjaan. Valmentajat voivat m\u00e4\u00e4r\u00e4t\u00e4 my\u00f6s joitakin pienempi\u00e4 teht\u00e4vi\u00e4 kuten alku- tai loppul\u00e4mmittelyn pit\u00e4mist\u00e4.&nbsp;<\/p>\n\n\n\n<p>Teksti: Riina Myllyl\u00e4<\/p>\n\n\n\n<p><\/p>\n","protected":false},"excerpt":{"rendered":"<p>Haastattelin Louna-Lumia Seikkulaa, joka on M\u00e4kel\u00e4nrinteen lukion opiskelija ja judon lajikapteeni. Haastattelu oli osa \u00c4I9-puheviestinn\u00e4n opintojaksoa. Lue, millaisia on olla lajikapteeni ja millaisia teht\u00e4vi\u00e4 siihen kuuluu.<span class=\"more-link\"><a href=\"https:\/\/marskylainen.fi\/?p=3710\">Lue lis\u00e4\u00e4&#8230;<\/a><\/span><\/p>\n","protected":false},"author":11,"featured_media":0,"comment_status":"open","ping_status":"open","sticky":false,"template":"","format":"standard","meta":{"footnotes":""},"categories":[10,7,415],"tags":[],"class_list":["entry","author-mwp_auroora","has-more-link","post-3710","post","type-post","status-publish","format-standard","category-haastattelut","category-lajiesittelyt","category-marsky-tutuksi"],"_links":{"self":[{"href":"https:\/\/marskylainen.fi\/index.php?rest_route=\/wp\/v2\/posts\/3710","targetHints":{"allow":["GET"]}}],"collection":[{"href":"https:\/\/marskylainen.fi\/index.php?rest_route=\/wp\/v2\/posts"}],"about":[{"href":"https:\/\/marskylainen.fi\/index.php?rest_route=\/wp\/v2\/types\/post"}],"author":[{"embeddable":true,"href":"https:\/\/marskylainen.fi\/index.php?rest_route=\/wp\/v2\/users\/11"}],"replies":[{"embeddable":true,"href":"https:\/\/marskylainen.fi\/index.php?rest_route=%2Fwp%2Fv2%2Fcomments&post=3710"}],"version-history":[{"count":3,"href":"https:\/\/marskylainen.fi\/index.php?rest_route=\/wp\/v2\/posts\/3710\/revisions"}],"predecessor-version":[{"id":3715,"href":"https:\/\/marskylainen.fi\/index.php?rest_route=\/wp\/v2\/posts\/3710\/revisions\/3715"}],"wp:attachment":[{"href":"https:\/\/marskylainen.fi\/index.php?rest_route=%2Fwp%2Fv2%2Fmedia&parent=3710"}],"wp:term":[{"taxonomy":"category","embeddable":true,"href":"https:\/\/marskylainen.fi\/index.php?rest_route=%2Fwp%2Fv2%2Fcategories&post=3710"},{"taxonomy":"post_tag","embeddable":true,"href":"https:\/\/marskylainen.fi\/index.php?rest_route=%2Fwp%2Fv2%2Ftags&post=3710"}],"curies":[{"name":"wp","href":"https:\/\/api.w.org\/{rel}","templated":true}]}}