{"id":3355,"date":"2021-08-30T13:34:59","date_gmt":"2021-08-30T10:34:59","guid":{"rendered":"http:\/\/marskylainen.fi\/?p=3355"},"modified":"2021-08-30T13:35:01","modified_gmt":"2021-08-30T10:35:01","slug":"lukuvuosi-alkoi-tunnelmia-ykkosten-ryhmaytymispaivasta","status":"publish","type":"post","link":"https:\/\/marskylainen.fi\/?p=3355","title":{"rendered":"Lukuvuosi alkoi &#8211; tunnelmia ykk\u00f6sten ryhm\u00e4ytymisp\u00e4iv\u00e4st\u00e4"},"content":{"rendered":"\n<p>Elokuu tarkoittaa paluuta kouluun. Reipas joukko koulumme uusia ykk\u00f6si\u00e4 aloitti lukuvuoden iloisissa tunnelmissa. 26.8. p\u00e4\u00e4stiin pit\u00e4m\u00e4\u00e4n tutoreiden suunnittelemaa ykk\u00f6sten ryhm\u00e4ytymisp\u00e4iv\u00e4\u00e4. Vaikka s\u00e4\u00e4 oli ep\u00e4vakaa, kaatosateelta s\u00e4\u00e4styttiin ja kivaa oli!<\/p>\n\n\n\n<!--more-->\n\n\n\n<figure class=\"wp-block-image size-full\"><img loading=\"lazy\" decoding=\"async\" width=\"1024\" height=\"768\" src=\"http:\/\/marskylainen.fi\/wp-content\/uploads\/2021\/08\/IMG-20210830-WA0006.jpg\" alt=\"\" class=\"wp-image-3360\" srcset=\"https:\/\/marskylainen.fi\/wp-content\/uploads\/2021\/08\/IMG-20210830-WA0006.jpg 1024w, https:\/\/marskylainen.fi\/wp-content\/uploads\/2021\/08\/IMG-20210830-WA0006-350x263.jpg 350w, https:\/\/marskylainen.fi\/wp-content\/uploads\/2021\/08\/IMG-20210830-WA0006-768x576.jpg 768w, https:\/\/marskylainen.fi\/wp-content\/uploads\/2021\/08\/IMG-20210830-WA0006-465x349.jpg 465w, https:\/\/marskylainen.fi\/wp-content\/uploads\/2021\/08\/IMG-20210830-WA0006-667x500.jpg 667w\" sizes=\"auto, (max-width: 1024px) 100vw, 1024px\" \/><figcaption>Huojuuko? Tasapaino testiss\u00e4!<\/figcaption><\/figure>\n\n\n\n<p>T\u00e4m\u00e4n vuoden ykk\u00f6set olivat suurimmilta osin heitt\u00e4ytyv\u00e4isi\u00e4 ja hyvin mukana. Koko p\u00e4iv\u00e4n\u00e4 oli hyv\u00e4 tunnelma, vaikka s\u00e4\u00e4 ei ollut paras mahdollinen. P\u00e4iv\u00e4 sis\u00e4lsi monia aktiviteetteja, luovia ja fyysisi\u00e4. Oli muun muassa lipunry\u00f6st\u00f6\u00e4, rap-battlea,\u00a0 kananmunakilpailua ja kavereihin tutustumista. Jokainen ryhm\u00e4 oli my\u00f6s pukeutunut v\u00e4riteemaan ja kasvomaalit olivat poskilla.\u00a0<\/p>\n\n\n\n<figure class=\"wp-block-image size-large\"><img loading=\"lazy\" decoding=\"async\" width=\"1024\" height=\"576\" src=\"http:\/\/marskylainen.fi\/wp-content\/uploads\/2021\/08\/IMG-20210830-WA0005-1024x576.jpg\" alt=\"\" class=\"wp-image-3357\" srcset=\"https:\/\/marskylainen.fi\/wp-content\/uploads\/2021\/08\/IMG-20210830-WA0005-1024x576.jpg 1024w, https:\/\/marskylainen.fi\/wp-content\/uploads\/2021\/08\/IMG-20210830-WA0005-350x197.jpg 350w, https:\/\/marskylainen.fi\/wp-content\/uploads\/2021\/08\/IMG-20210830-WA0005-768x432.jpg 768w, https:\/\/marskylainen.fi\/wp-content\/uploads\/2021\/08\/IMG-20210830-WA0005-1536x864.jpg 1536w, https:\/\/marskylainen.fi\/wp-content\/uploads\/2021\/08\/IMG-20210830-WA0005-465x262.jpg 465w, https:\/\/marskylainen.fi\/wp-content\/uploads\/2021\/08\/IMG-20210830-WA0005-695x391.jpg 695w, https:\/\/marskylainen.fi\/wp-content\/uploads\/2021\/08\/IMG-20210830-WA0005.jpg 2048w\" sizes=\"auto, (max-width: 1024px) 100vw, 1024px\" \/><figcaption>Ryhm\u00e4t pitiv\u00e4t hyvin kiinni omasta v\u00e4riteemastaan. Pinkit n\u00e4ytt\u00e4v\u00e4t mallia.<\/figcaption><\/figure>\n\n\n\n<p>Pisteit\u00e4 oli yhteens\u00e4 10, ja jokainen luokka kiersi ne l\u00e4pi. \u201cTuo minulle\u201d -leikiss\u00e4 kilpailtiin joukkueina viem\u00e4ll\u00e4 tutoreille mahdollisimman nopeasti heid\u00e4n pyyt\u00e4m\u00e4ns\u00e4 asiat\/esineet.<\/p>\n\n\n\n<figure class=\"wp-block-image size-large\"><img loading=\"lazy\" decoding=\"async\" width=\"1024\" height=\"473\" src=\"http:\/\/marskylainen.fi\/wp-content\/uploads\/2021\/08\/IMG-20210830-WA0001-1024x473.jpg\" alt=\"\" class=\"wp-image-3361\" srcset=\"https:\/\/marskylainen.fi\/wp-content\/uploads\/2021\/08\/IMG-20210830-WA0001-1024x473.jpg 1024w, https:\/\/marskylainen.fi\/wp-content\/uploads\/2021\/08\/IMG-20210830-WA0001-350x162.jpg 350w, https:\/\/marskylainen.fi\/wp-content\/uploads\/2021\/08\/IMG-20210830-WA0001-768x355.jpg 768w, https:\/\/marskylainen.fi\/wp-content\/uploads\/2021\/08\/IMG-20210830-WA0001-1536x710.jpg 1536w, https:\/\/marskylainen.fi\/wp-content\/uploads\/2021\/08\/IMG-20210830-WA0001-465x215.jpg 465w, https:\/\/marskylainen.fi\/wp-content\/uploads\/2021\/08\/IMG-20210830-WA0001-695x321.jpg 695w, https:\/\/marskylainen.fi\/wp-content\/uploads\/2021\/08\/IMG-20210830-WA0001-920x425.jpg 920w, https:\/\/marskylainen.fi\/wp-content\/uploads\/2021\/08\/IMG-20210830-WA0001.jpg 2000w\" sizes=\"auto, (max-width: 1024px) 100vw, 1024px\" \/><figcaption>Ota koppi!<\/figcaption><\/figure>\n\n\n\n<p>Pisteet sijaitsivat M\u00e4kel\u00e4nrinteen lukion l\u00e4himaastossa. Samalla p\u00e4iv\u00e4n aikana tutuksi tulivat Vallilan kent\u00e4t ja reitit.<\/p>\n\n\n\n<figure class=\"wp-block-image size-large\"><img loading=\"lazy\" decoding=\"async\" width=\"768\" height=\"1024\" src=\"http:\/\/marskylainen.fi\/wp-content\/uploads\/2021\/08\/IMG-20210830-WA0004-768x1024.jpg\" alt=\"\" class=\"wp-image-3359\" srcset=\"https:\/\/marskylainen.fi\/wp-content\/uploads\/2021\/08\/IMG-20210830-WA0004-768x1024.jpg 768w, https:\/\/marskylainen.fi\/wp-content\/uploads\/2021\/08\/IMG-20210830-WA0004-225x300.jpg 225w, https:\/\/marskylainen.fi\/wp-content\/uploads\/2021\/08\/IMG-20210830-WA0004-1152x1536.jpg 1152w, https:\/\/marskylainen.fi\/wp-content\/uploads\/2021\/08\/IMG-20210830-WA0004-413x550.jpg 413w, https:\/\/marskylainen.fi\/wp-content\/uploads\/2021\/08\/IMG-20210830-WA0004-375x500.jpg 375w, https:\/\/marskylainen.fi\/wp-content\/uploads\/2021\/08\/IMG-20210830-WA0004.jpg 1500w\" sizes=\"auto, (max-width: 768px) 100vw, 768px\" \/><figcaption>V\u00e4lill\u00e4 p\u00e4\u00e4stiin my\u00f6s j\u00e4\u00e4lle.<\/figcaption><\/figure>\n\n\n\n<p>P\u00e4iv\u00e4n p\u00e4\u00e4tteeksi kaikille ykk\u00f6sille oli tarjolla mehua ja pizzaa. Sen j\u00e4lkeen matka jatkui kohti kotia&#8230; tai treenej\u00e4 \ud83d\ude09<\/p>\n\n\n\n<div class=\"wp-block-image\"><figure class=\"aligncenter size-large\"><img loading=\"lazy\" decoding=\"async\" width=\"768\" height=\"1024\" src=\"http:\/\/marskylainen.fi\/wp-content\/uploads\/2021\/08\/IMG-20210830-WA0003-768x1024.jpg\" alt=\"\" class=\"wp-image-3358\" srcset=\"https:\/\/marskylainen.fi\/wp-content\/uploads\/2021\/08\/IMG-20210830-WA0003-768x1024.jpg 768w, https:\/\/marskylainen.fi\/wp-content\/uploads\/2021\/08\/IMG-20210830-WA0003-225x300.jpg 225w, https:\/\/marskylainen.fi\/wp-content\/uploads\/2021\/08\/IMG-20210830-WA0003-1152x1536.jpg 1152w, https:\/\/marskylainen.fi\/wp-content\/uploads\/2021\/08\/IMG-20210830-WA0003-413x550.jpg 413w, https:\/\/marskylainen.fi\/wp-content\/uploads\/2021\/08\/IMG-20210830-WA0003-375x500.jpg 375w, https:\/\/marskylainen.fi\/wp-content\/uploads\/2021\/08\/IMG-20210830-WA0003.jpg 1536w\" sizes=\"auto, (max-width: 768px) 100vw, 768px\" \/><\/figure><\/div>\n\n\n\n<figure class=\"wp-block-image size-large\"><a href=\"http:\/\/marskylainen.fi\/wp-content\/uploads\/2021\/08\/IMG-20210830-WA0002.jpg\"><img loading=\"lazy\" decoding=\"async\" width=\"768\" height=\"1024\" src=\"http:\/\/marskylainen.fi\/wp-content\/uploads\/2021\/08\/IMG-20210830-WA0002-768x1024.jpg\" alt=\"\" class=\"wp-image-3356\" srcset=\"https:\/\/marskylainen.fi\/wp-content\/uploads\/2021\/08\/IMG-20210830-WA0002-768x1024.jpg 768w, https:\/\/marskylainen.fi\/wp-content\/uploads\/2021\/08\/IMG-20210830-WA0002-225x300.jpg 225w, https:\/\/marskylainen.fi\/wp-content\/uploads\/2021\/08\/IMG-20210830-WA0002-1152x1536.jpg 1152w, https:\/\/marskylainen.fi\/wp-content\/uploads\/2021\/08\/IMG-20210830-WA0002-413x550.jpg 413w, https:\/\/marskylainen.fi\/wp-content\/uploads\/2021\/08\/IMG-20210830-WA0002-375x500.jpg 375w, https:\/\/marskylainen.fi\/wp-content\/uploads\/2021\/08\/IMG-20210830-WA0002.jpg 1536w\" sizes=\"auto, (max-width: 768px) 100vw, 768px\" \/><\/a><\/figure>\n\n\n\n<p><strong>Teksti: tutorit 2021<\/strong><\/p>\n\n\n\n<p><strong>Kuvat: ryhm\u00e4nohjaajat 2021<\/strong><\/p>\n","protected":false},"excerpt":{"rendered":"<p>Elokuu tarkoittaa paluuta kouluun. Reipas joukko koulumme uusia ykk\u00f6si\u00e4 aloitti lukuvuoden iloisissa tunnelmissa. 26.8. p\u00e4\u00e4stiin pit\u00e4m\u00e4\u00e4n tutoreiden suunnittelemaa ykk\u00f6sten ryhm\u00e4ytymisp\u00e4iv\u00e4\u00e4. Vaikka s\u00e4\u00e4 oli ep\u00e4vakaa, kaatosateelta s\u00e4\u00e4styttiin ja kivaa oli!<span class=\"more-link\"><a href=\"https:\/\/marskylainen.fi\/?p=3355\">Lue lis\u00e4\u00e4&#8230;<\/a><\/span><\/p>\n","protected":false},"author":11,"featured_media":3360,"comment_status":"open","ping_status":"open","sticky":false,"template":"","format":"standard","meta":{"footnotes":""},"categories":[3,4],"tags":[221,397],"class_list":["entry","author-mwp_auroora","has-more-link","post-3355","post","type-post","status-publish","format-standard","has-post-thumbnail","category-ajankohtaista","category-oppilastoita","tag-marsky","tag-ykkoset"],"_links":{"self":[{"href":"https:\/\/marskylainen.fi\/index.php?rest_route=\/wp\/v2\/posts\/3355","targetHints":{"allow":["GET"]}}],"collection":[{"href":"https:\/\/marskylainen.fi\/index.php?rest_route=\/wp\/v2\/posts"}],"about":[{"href":"https:\/\/marskylainen.fi\/index.php?rest_route=\/wp\/v2\/types\/post"}],"author":[{"embeddable":true,"href":"https:\/\/marskylainen.fi\/index.php?rest_route=\/wp\/v2\/users\/11"}],"replies":[{"embeddable":true,"href":"https:\/\/marskylainen.fi\/index.php?rest_route=%2Fwp%2Fv2%2Fcomments&post=3355"}],"version-history":[{"count":2,"href":"https:\/\/marskylainen.fi\/index.php?rest_route=\/wp\/v2\/posts\/3355\/revisions"}],"predecessor-version":[{"id":3363,"href":"https:\/\/marskylainen.fi\/index.php?rest_route=\/wp\/v2\/posts\/3355\/revisions\/3363"}],"wp:featuredmedia":[{"embeddable":true,"href":"https:\/\/marskylainen.fi\/index.php?rest_route=\/wp\/v2\/media\/3360"}],"wp:attachment":[{"href":"https:\/\/marskylainen.fi\/index.php?rest_route=%2Fwp%2Fv2%2Fmedia&parent=3355"}],"wp:term":[{"taxonomy":"category","embeddable":true,"href":"https:\/\/marskylainen.fi\/index.php?rest_route=%2Fwp%2Fv2%2Fcategories&post=3355"},{"taxonomy":"post_tag","embeddable":true,"href":"https:\/\/marskylainen.fi\/index.php?rest_route=%2Fwp%2Fv2%2Ftags&post=3355"}],"curies":[{"name":"wp","href":"https:\/\/api.w.org\/{rel}","templated":true}]}}