{"id":3176,"date":"2020-04-29T12:06:42","date_gmt":"2020-04-29T09:06:42","guid":{"rendered":"http:\/\/marskylainen.fi\/?p=3176"},"modified":"2020-05-14T21:01:53","modified_gmt":"2020-05-14T18:01:53","slug":"tallinnan-unesco-asp-matka-syksylla-2019-yleiskatsaus-matkastamme","status":"publish","type":"post","link":"https:\/\/marskylainen.fi\/?p=3176","title":{"rendered":"Tallinnan Unesco ASP -matka syksyll\u00e4 2019 &#8211; yleiskatsaus matkastamme"},"content":{"rendered":"\n<p>T\u00e4ll\u00e4 kertaa emme kaikki l\u00e4hteneet samalla laivalla Tallinnaan. Ensimm\u00e4inen ryhm\u00e4, johon kuului osa opiskelijoista sek\u00e4 opettajista l\u00e4htiv\u00e4t klo 7.30 laivalla kohti Tallinnaa. V\u00e4symyksen tunne aamuvarhaisen her\u00e4\u00e4misen takia oli l\u00e4sn\u00e4 laivamatkalla. Onneksi maukas buffet sek\u00e4 mahtava seura pelastivat aamun.<\/p>\n\n\n\n<p>Toinen ryhm\u00e4 tuli toisella laivalla per\u00e4st\u00e4 my\u00f6hemmin, ja tapasimme heid\u00e4t Tallinnassa. Ryhm\u00e4st\u00e4 muutama opiskelija p\u00e4\u00e4si kertomaan Patarein vankilan historiasta laivalla. He olivat <strong>Vilma Valmari<\/strong>, <strong>Olivia Wright<\/strong> sek\u00e4 <strong>Eveliina Kostian<\/strong>.<\/p>\n\n\n\n<figure class=\"wp-block-image size-large\"><img loading=\"lazy\" decoding=\"async\" width=\"1024\" height=\"768\" src=\"http:\/\/marskylainen.fi\/wp-content\/uploads\/2020\/04\/Patarein-esitys.jpg\" alt=\"\" class=\"wp-image-3177\" srcset=\"https:\/\/marskylainen.fi\/wp-content\/uploads\/2020\/04\/Patarein-esitys.jpg 1024w, https:\/\/marskylainen.fi\/wp-content\/uploads\/2020\/04\/Patarein-esitys-350x263.jpg 350w, https:\/\/marskylainen.fi\/wp-content\/uploads\/2020\/04\/Patarein-esitys-768x576.jpg 768w, https:\/\/marskylainen.fi\/wp-content\/uploads\/2020\/04\/Patarein-esitys-465x349.jpg 465w, https:\/\/marskylainen.fi\/wp-content\/uploads\/2020\/04\/Patarein-esitys-667x500.jpg 667w\" sizes=\"auto, (max-width: 1024px) 100vw, 1024px\" \/><figcaption>Patarei-esitys laivalla aamiaisen yhteydess\u00e4<\/figcaption><\/figure>\n\n\n\n<p>Aikaisempaan laivaan l\u00e4hteneet k\u00e4viv\u00e4t vierailemassa Virossa sijaitsevassa lukiossa nimelt\u00e4 Viimsi G\u00fcmnaasium. Vierailun tarkoituksena oli virallisesti solmia lukioidemme yst\u00e4vyyskoulusuhde. Valitettavasti heid\u00e4n vierailunsa Suomeen kev\u00e4\u00e4ll\u00e4 2020 peruuntui poikkeustilanteesta johtuen. Lukiossa on kolme eri astetta: G1, G2 sek\u00e4 G3. Lis\u00e4ksi koulussa on noin 400 opiskelijaa ja noin 50 opettajaa sek\u00e4 noin 100 erilaista ainetta opiskeltavaksi. Viimsiss\u00e4 p\u00e4\u00e4simme kiert\u00e4m\u00e4\u00e4n koulua ja tutustumaan koulun opiskelijoihin sek\u00e4 opettajiin.<\/p>\n\n\n\n<!--more-->\n\n\n\n<div class=\"wp-block-image\"><figure class=\"aligncenter size-large\"><img loading=\"lazy\" decoding=\"async\" width=\"804\" height=\"1024\" src=\"http:\/\/marskylainen.fi\/wp-content\/uploads\/2020\/04\/Viimsin-lukio-804x1024.jpeg\" alt=\"\" class=\"wp-image-3189\" srcset=\"https:\/\/marskylainen.fi\/wp-content\/uploads\/2020\/04\/Viimsin-lukio-804x1024.jpeg 804w, https:\/\/marskylainen.fi\/wp-content\/uploads\/2020\/04\/Viimsin-lukio-235x300.jpeg 235w, https:\/\/marskylainen.fi\/wp-content\/uploads\/2020\/04\/Viimsin-lukio-768x979.jpeg 768w, https:\/\/marskylainen.fi\/wp-content\/uploads\/2020\/04\/Viimsin-lukio-432x550.jpeg 432w, https:\/\/marskylainen.fi\/wp-content\/uploads\/2020\/04\/Viimsin-lukio-392x500.jpeg 392w, https:\/\/marskylainen.fi\/wp-content\/uploads\/2020\/04\/Viimsin-lukio.jpeg 923w\" sizes=\"auto, (max-width: 804px) 100vw, 804px\" \/><figcaption>Viimsin lukio<\/figcaption><\/figure><\/div>\n\n\n\n<div class=\"wp-block-image\"><figure class=\"aligncenter size-large\"><img loading=\"lazy\" decoding=\"async\" width=\"774\" height=\"1024\" src=\"http:\/\/marskylainen.fi\/wp-content\/uploads\/2020\/04\/Ma\u0308rskyt-tutustumassa-Viimsin-koulutiloihin-774x1024.png\" alt=\"\" class=\"wp-image-3188\" srcset=\"https:\/\/marskylainen.fi\/wp-content\/uploads\/2020\/04\/Ma\u0308rskyt-tutustumassa-Viimsin-koulutiloihin-774x1024.png 774w, https:\/\/marskylainen.fi\/wp-content\/uploads\/2020\/04\/Ma\u0308rskyt-tutustumassa-Viimsin-koulutiloihin-227x300.png 227w, https:\/\/marskylainen.fi\/wp-content\/uploads\/2020\/04\/Ma\u0308rskyt-tutustumassa-Viimsin-koulutiloihin-768x1016.png 768w, https:\/\/marskylainen.fi\/wp-content\/uploads\/2020\/04\/Ma\u0308rskyt-tutustumassa-Viimsin-koulutiloihin-416x550.png 416w, https:\/\/marskylainen.fi\/wp-content\/uploads\/2020\/04\/Ma\u0308rskyt-tutustumassa-Viimsin-koulutiloihin-378x500.png 378w, https:\/\/marskylainen.fi\/wp-content\/uploads\/2020\/04\/Ma\u0308rskyt-tutustumassa-Viimsin-koulutiloihin.png 1070w\" sizes=\"auto, (max-width: 774px) 100vw, 774px\" \/><figcaption>M\u00e4rskyt tutustumassa Viimsin koulutiloihin<\/figcaption><\/figure><\/div>\n\n\n\n<p>Vierailun j\u00e4lkeen hypp\u00e4simme bussin kyytiin ja l\u00e4hdimme noutamaan toista ryhm\u00e4\u00e4 terminaalista. Ryhmien yhdist\u00e4misen j\u00e4lkeen matkasimme kaikki kohti virallisia matkakohteitamme. T\u00e4ll\u00e4 kertaa kohteina olivat Patarein vankila sek\u00e4 Merimuseo.<\/p>\n\n\n\n<p>Patarein vankila sijaitsee noin kahden kilometrin p\u00e4\u00e4ss\u00e4 Tallinnan ydinkeskustasta. Vankilalla on pitk\u00e4 ja v\u00e4rik\u00e4s menneisyys. L\u00e4hes 175-vuotisen historiansa aikana se on toiminut linnoituksena, kasarmina, vankilana ja nyky\u00e4\u00e4n kulttuurisena vierailukohteena. Vuonna 1828 Ven\u00e4j\u00e4n keisari Nikolai I m\u00e4\u00e4r\u00e4si Patarein merilinnoituksen rakennusty\u00f6t aloitettavaksi. Linnoitus valmistui vuonna 1840. Alle 30 vuoden j\u00e4lkeen valmistumisesta Patarein linnoitus muutettiin kasarmiksi, jona se toimi vuoteen 1920 saakka, jolloin linnoitus muutettiin vankilaksi. T\u00e4st\u00e4 alkoi linnoituksen 82-vuotinen ajanjakso vankilana. Viimeinen vanki l\u00e4hti rakennuksesta vasta vuonna 2002, kun Tarton uusi vankila valmistui. Patarein vankila oli ollut suljettuna kolme vuotta, kunnes toukokuussa 2019 avautuivat vankilan ovat uudestaan vierailijoille. P\u00e4\u00e4simme tutustumaan vankilaolosuhteisiin ja kuulemaan oppaaltamme syvent\u00e4v\u00e4\u00e4 tietoa rakennuksen historiasta ja toiminnasta.<\/p>\n\n\n\n<div class=\"wp-block-image\"><figure class=\"aligncenter size-large\"><img loading=\"lazy\" decoding=\"async\" width=\"773\" height=\"1024\" src=\"http:\/\/marskylainen.fi\/wp-content\/uploads\/2020\/04\/Opiskelijat-tutustumassa-Paterein-vankilaan-773x1024.png\" alt=\"\" class=\"wp-image-3178\" srcset=\"https:\/\/marskylainen.fi\/wp-content\/uploads\/2020\/04\/Opiskelijat-tutustumassa-Paterein-vankilaan-773x1024.png 773w, https:\/\/marskylainen.fi\/wp-content\/uploads\/2020\/04\/Opiskelijat-tutustumassa-Paterein-vankilaan-226x300.png 226w, https:\/\/marskylainen.fi\/wp-content\/uploads\/2020\/04\/Opiskelijat-tutustumassa-Paterein-vankilaan-768x1017.png 768w, https:\/\/marskylainen.fi\/wp-content\/uploads\/2020\/04\/Opiskelijat-tutustumassa-Paterein-vankilaan-415x550.png 415w, https:\/\/marskylainen.fi\/wp-content\/uploads\/2020\/04\/Opiskelijat-tutustumassa-Paterein-vankilaan-377x500.png 377w, https:\/\/marskylainen.fi\/wp-content\/uploads\/2020\/04\/Opiskelijat-tutustumassa-Paterein-vankilaan.png 1066w\" sizes=\"auto, (max-width: 773px) 100vw, 773px\" \/><figcaption>Opiskelijat tutustumassa Patarein vankilan tiloihin<\/figcaption><\/figure><\/div>\n\n\n\n<div class=\"wp-block-image\"><figure class=\"aligncenter size-large\"><img loading=\"lazy\" decoding=\"async\" width=\"770\" height=\"1024\" src=\"http:\/\/marskylainen.fi\/wp-content\/uploads\/2020\/04\/Paterein-vankila1-770x1024.png\" alt=\"\" class=\"wp-image-3180\" srcset=\"https:\/\/marskylainen.fi\/wp-content\/uploads\/2020\/04\/Paterein-vankila1-770x1024.png 770w, https:\/\/marskylainen.fi\/wp-content\/uploads\/2020\/04\/Paterein-vankila1-226x300.png 226w, https:\/\/marskylainen.fi\/wp-content\/uploads\/2020\/04\/Paterein-vankila1-768x1022.png 768w, https:\/\/marskylainen.fi\/wp-content\/uploads\/2020\/04\/Paterein-vankila1-413x550.png 413w, https:\/\/marskylainen.fi\/wp-content\/uploads\/2020\/04\/Paterein-vankila1-376x500.png 376w, https:\/\/marskylainen.fi\/wp-content\/uploads\/2020\/04\/Paterein-vankila1.png 1066w\" sizes=\"auto, (max-width: 770px) 100vw, 770px\" \/><figcaption>Patarein vankila<\/figcaption><\/figure><\/div>\n\n\n\n<div class=\"wp-block-image\"><figure class=\"aligncenter size-large\"><img loading=\"lazy\" decoding=\"async\" width=\"773\" height=\"1024\" src=\"http:\/\/marskylainen.fi\/wp-content\/uploads\/2020\/04\/Paterein-vankila2-773x1024.png\" alt=\"\" class=\"wp-image-3181\" srcset=\"https:\/\/marskylainen.fi\/wp-content\/uploads\/2020\/04\/Paterein-vankila2-773x1024.png 773w, https:\/\/marskylainen.fi\/wp-content\/uploads\/2020\/04\/Paterein-vankila2-227x300.png 227w, https:\/\/marskylainen.fi\/wp-content\/uploads\/2020\/04\/Paterein-vankila2-768x1017.png 768w, https:\/\/marskylainen.fi\/wp-content\/uploads\/2020\/04\/Paterein-vankila2-415x550.png 415w, https:\/\/marskylainen.fi\/wp-content\/uploads\/2020\/04\/Paterein-vankila2-378x500.png 378w, https:\/\/marskylainen.fi\/wp-content\/uploads\/2020\/04\/Paterein-vankila2.png 1074w\" sizes=\"auto, (max-width: 773px) 100vw, 773px\" \/><figcaption>Patarein vankila<\/figcaption><\/figure><\/div>\n\n\n\n<div class=\"wp-block-image\"><figure class=\"aligncenter size-large\"><img loading=\"lazy\" decoding=\"async\" width=\"777\" height=\"1024\" src=\"http:\/\/marskylainen.fi\/wp-content\/uploads\/2020\/04\/Paterein-vankila3-777x1024.png\" alt=\"\" class=\"wp-image-3182\" srcset=\"https:\/\/marskylainen.fi\/wp-content\/uploads\/2020\/04\/Paterein-vankila3-777x1024.png 777w, https:\/\/marskylainen.fi\/wp-content\/uploads\/2020\/04\/Paterein-vankila3-228x300.png 228w, https:\/\/marskylainen.fi\/wp-content\/uploads\/2020\/04\/Paterein-vankila3-768x1012.png 768w, https:\/\/marskylainen.fi\/wp-content\/uploads\/2020\/04\/Paterein-vankila3-417x550.png 417w, https:\/\/marskylainen.fi\/wp-content\/uploads\/2020\/04\/Paterein-vankila3-379x500.png 379w, https:\/\/marskylainen.fi\/wp-content\/uploads\/2020\/04\/Paterein-vankila3.png 1068w\" sizes=\"auto, (max-width: 777px) 100vw, 777px\" \/><figcaption>Patarein vankila<\/figcaption><\/figure><\/div>\n\n\n\n<p>Merimuseo (Eesti Meremuuseum) kertoo virolaisesta merikulttuurista ja merenkulun historiasta. Viron merimuseo perustettiin Tallinnassa entisten kapteenien ja merimiesten aloitteesta vuonna 1935. Museo on rakennettu Tallinnan vanhan lentokent\u00e4n p\u00e4\u00e4lle. Museon sis\u00e4lt\u00e4 l\u00f6ytyy vanhoja merimiinoja, tykkej\u00e4, erilaisia veneit\u00e4 ja suuri Lembit-sukellusvene. P\u00e4\u00e4simme tekem\u00e4\u00e4n museossa esimerkiksi paperilennokkeja ja k\u00e4velem\u00e4\u00e4n korkean U-muotoisen sillan p\u00e4\u00e4lt\u00e4. Museoreissun kruunasi p\u00e4\u00e4sy sukellusveneen sis\u00e4lle tutkimaan virolaisia salaisuuksia.<\/p>\n\n\n\n<div class=\"wp-block-image\"><figure class=\"aligncenter size-large\"><img loading=\"lazy\" decoding=\"async\" width=\"767\" height=\"1024\" src=\"http:\/\/marskylainen.fi\/wp-content\/uploads\/2020\/04\/Viron-merimuseo1-767x1024.png\" alt=\"\" class=\"wp-image-3184\" srcset=\"https:\/\/marskylainen.fi\/wp-content\/uploads\/2020\/04\/Viron-merimuseo1-767x1024.png 767w, https:\/\/marskylainen.fi\/wp-content\/uploads\/2020\/04\/Viron-merimuseo1-225x300.png 225w, https:\/\/marskylainen.fi\/wp-content\/uploads\/2020\/04\/Viron-merimuseo1-768x1025.png 768w, https:\/\/marskylainen.fi\/wp-content\/uploads\/2020\/04\/Viron-merimuseo1-412x550.png 412w, https:\/\/marskylainen.fi\/wp-content\/uploads\/2020\/04\/Viron-merimuseo1-374x500.png 374w, https:\/\/marskylainen.fi\/wp-content\/uploads\/2020\/04\/Viron-merimuseo1.png 1056w\" sizes=\"auto, (max-width: 767px) 100vw, 767px\" \/><figcaption>Viron merimuseo<\/figcaption><\/figure><\/div>\n\n\n\n<div class=\"wp-block-image\"><figure class=\"aligncenter size-large\"><img loading=\"lazy\" decoding=\"async\" width=\"1024\" height=\"760\" src=\"http:\/\/marskylainen.fi\/wp-content\/uploads\/2020\/04\/Viron-merimuseo2-1024x760.png\" alt=\"\" class=\"wp-image-3185\" srcset=\"https:\/\/marskylainen.fi\/wp-content\/uploads\/2020\/04\/Viron-merimuseo2-1024x760.png 1024w, https:\/\/marskylainen.fi\/wp-content\/uploads\/2020\/04\/Viron-merimuseo2-350x260.png 350w, https:\/\/marskylainen.fi\/wp-content\/uploads\/2020\/04\/Viron-merimuseo2-768x570.png 768w, https:\/\/marskylainen.fi\/wp-content\/uploads\/2020\/04\/Viron-merimuseo2-1536x1140.png 1536w, https:\/\/marskylainen.fi\/wp-content\/uploads\/2020\/04\/Viron-merimuseo2-465x345.png 465w, https:\/\/marskylainen.fi\/wp-content\/uploads\/2020\/04\/Viron-merimuseo2-674x500.png 674w, https:\/\/marskylainen.fi\/wp-content\/uploads\/2020\/04\/Viron-merimuseo2.png 1894w\" sizes=\"auto, (max-width: 1024px) 100vw, 1024px\" \/><figcaption>Viron merimuseo<\/figcaption><\/figure><\/div>\n\n\n\n<p>Molempien kohteiden vierailemisen j\u00e4lkeen l\u00e4hdimme yhdess\u00e4 sy\u00f6m\u00e4\u00e4n. Yhteisen sy\u00f6misen j\u00e4lkeen alkoi odotettu vapaa-aika, jolloin opiskelijat ja opettajat p\u00e4\u00e4siv\u00e4t nauttimaan Tallinnan tarjonnasta. Vapaa-ajan j\u00e4lkeen oli aika suunnata kohti laivaterminaalia. Laivamme l\u00e4hti takaisin Helsinkiin klo 19.30 ja saavuimme perille klo 21.30.<\/p>\n\n\n\n<div class=\"wp-block-image\"><figure class=\"aligncenter size-large\"><img loading=\"lazy\" decoding=\"async\" width=\"768\" height=\"1024\" src=\"http:\/\/marskylainen.fi\/wp-content\/uploads\/2020\/04\/Aurinkoinen-Tallinna-768x1024.png\" alt=\"\" class=\"wp-image-3186\" srcset=\"https:\/\/marskylainen.fi\/wp-content\/uploads\/2020\/04\/Aurinkoinen-Tallinna-768x1024.png 768w, https:\/\/marskylainen.fi\/wp-content\/uploads\/2020\/04\/Aurinkoinen-Tallinna-225x300.png 225w, https:\/\/marskylainen.fi\/wp-content\/uploads\/2020\/04\/Aurinkoinen-Tallinna-413x550.png 413w, https:\/\/marskylainen.fi\/wp-content\/uploads\/2020\/04\/Aurinkoinen-Tallinna-375x500.png 375w, https:\/\/marskylainen.fi\/wp-content\/uploads\/2020\/04\/Aurinkoinen-Tallinna.png 1062w\" sizes=\"auto, (max-width: 768px) 100vw, 768px\" \/><figcaption>Aurinkoinen Tallinna<\/figcaption><\/figure><\/div>\n\n\n\n<div class=\"wp-block-image\"><figure class=\"aligncenter size-large\"><img loading=\"lazy\" decoding=\"async\" width=\"770\" height=\"1024\" src=\"http:\/\/marskylainen.fi\/wp-content\/uploads\/2020\/04\/Ma\u0308rskyt-ja-Tallinnan-salaisuudet-770x1024.png\" alt=\"\" class=\"wp-image-3187\" srcset=\"https:\/\/marskylainen.fi\/wp-content\/uploads\/2020\/04\/Ma\u0308rskyt-ja-Tallinnan-salaisuudet-770x1024.png 770w, https:\/\/marskylainen.fi\/wp-content\/uploads\/2020\/04\/Ma\u0308rskyt-ja-Tallinnan-salaisuudet-226x300.png 226w, https:\/\/marskylainen.fi\/wp-content\/uploads\/2020\/04\/Ma\u0308rskyt-ja-Tallinnan-salaisuudet-768x1022.png 768w, https:\/\/marskylainen.fi\/wp-content\/uploads\/2020\/04\/Ma\u0308rskyt-ja-Tallinnan-salaisuudet-413x550.png 413w, https:\/\/marskylainen.fi\/wp-content\/uploads\/2020\/04\/Ma\u0308rskyt-ja-Tallinnan-salaisuudet-376x500.png 376w, https:\/\/marskylainen.fi\/wp-content\/uploads\/2020\/04\/Ma\u0308rskyt-ja-Tallinnan-salaisuudet.png 1060w\" sizes=\"auto, (max-width: 770px) 100vw, 770px\" \/><\/figure><\/div>\n\n\n\n<p>Kiitos viel\u00e4 kaikille, jotka olivat mukana reissussa! Suosittelen l\u00e4mpim\u00e4sti t\u00e4t\u00e4 kaikille M\u00e4rskyn opiskelijoille.<\/p>\n\n\n\n<p>Kiitos kaikille j\u00e4rjest\u00e4jille ja Viimsille sek\u00e4 koulumme vastaaville opettajille: <strong>Eero Raasteelle<\/strong>, <strong>Minna Strengille<\/strong>, <strong>Arttu Aholalle<\/strong>, <strong>Lasse Palmulle<\/strong>, <strong>Laura Nyyss\u00f6selle<\/strong> ja <strong>Maarit Keistiselle<\/strong>. Lis\u00e4ksi erityiskiitokset <strong>Erkki Hulkille<\/strong>!<\/p>\n\n\n\n<p>Teksti ja kuvat: Emma Helosvuori<\/p>\n","protected":false},"excerpt":{"rendered":"<p>T\u00e4ll\u00e4 kertaa emme kaikki l\u00e4hteneet samalla laivalla Tallinnaan. Ensimm\u00e4inen ryhm\u00e4, johon kuului osa opiskelijoista sek\u00e4 opettajista l\u00e4htiv\u00e4t klo 7.30 laivalla kohti Tallinnaa. V\u00e4symyksen tunne aamuvarhaisen her\u00e4\u00e4misen takia oli l\u00e4sn\u00e4 laivamatkalla. Onneksi maukas buffet sek\u00e4 mahtava seura pelastivat aamun. Toinen ryhm\u00e4 tuli toisella laivalla per\u00e4st\u00e4 my\u00f6hemmin, ja tapasimme heid\u00e4t Tallinnassa. Ryhm\u00e4st\u00e4 muutama opiskelija p\u00e4\u00e4si kertomaan Patarein vankilan historiasta laivalla. He olivat Vilma Valmari, Olivia Wright sek\u00e4 Eveliina Kostian. Aikaisempaan laivaan l\u00e4hteneet<span class=\"more-link\"><a href=\"https:\/\/marskylainen.fi\/?p=3176\">Lue lis\u00e4\u00e4&#8230;<\/a><\/span><\/p>\n","protected":false},"author":8,"featured_media":3177,"comment_status":"open","ping_status":"open","sticky":false,"template":"","format":"standard","meta":{"footnotes":""},"categories":[6,4],"tags":[345,221,257,391],"class_list":["entry","author-krista","has-more-link","post-3176","post","type-post","status-publish","format-standard","has-post-thumbnail","category-marskytmaailmalla","category-oppilastoita","tag-makelanrinteen-lukio","tag-marsky","tag-unesco","tag-unesco-asp"],"_links":{"self":[{"href":"https:\/\/marskylainen.fi\/index.php?rest_route=\/wp\/v2\/posts\/3176","targetHints":{"allow":["GET"]}}],"collection":[{"href":"https:\/\/marskylainen.fi\/index.php?rest_route=\/wp\/v2\/posts"}],"about":[{"href":"https:\/\/marskylainen.fi\/index.php?rest_route=\/wp\/v2\/types\/post"}],"author":[{"embeddable":true,"href":"https:\/\/marskylainen.fi\/index.php?rest_route=\/wp\/v2\/users\/8"}],"replies":[{"embeddable":true,"href":"https:\/\/marskylainen.fi\/index.php?rest_route=%2Fwp%2Fv2%2Fcomments&post=3176"}],"version-history":[{"count":5,"href":"https:\/\/marskylainen.fi\/index.php?rest_route=\/wp\/v2\/posts\/3176\/revisions"}],"predecessor-version":[{"id":3225,"href":"https:\/\/marskylainen.fi\/index.php?rest_route=\/wp\/v2\/posts\/3176\/revisions\/3225"}],"wp:featuredmedia":[{"embeddable":true,"href":"https:\/\/marskylainen.fi\/index.php?rest_route=\/wp\/v2\/media\/3177"}],"wp:attachment":[{"href":"https:\/\/marskylainen.fi\/index.php?rest_route=%2Fwp%2Fv2%2Fmedia&parent=3176"}],"wp:term":[{"taxonomy":"category","embeddable":true,"href":"https:\/\/marskylainen.fi\/index.php?rest_route=%2Fwp%2Fv2%2Fcategories&post=3176"},{"taxonomy":"post_tag","embeddable":true,"href":"https:\/\/marskylainen.fi\/index.php?rest_route=%2Fwp%2Fv2%2Ftags&post=3176"}],"curies":[{"name":"wp","href":"https:\/\/api.w.org\/{rel}","templated":true}]}}