{"id":2737,"date":"2018-02-26T10:16:50","date_gmt":"2018-02-26T08:16:50","guid":{"rendered":"http:\/\/marskylainen.fi\/?p=2737"},"modified":"2018-02-26T10:20:57","modified_gmt":"2018-02-26T08:20:57","slug":"monikulttuurisuuden-paiva-6-2","status":"publish","type":"post","link":"https:\/\/marskylainen.fi\/?p=2737","title":{"rendered":"Monikulttuurisuuden p\u00e4iv\u00e4 6.2."},"content":{"rendered":"<p><a href=\"http:\/\/marskylainen.fi\/wp-content\/uploads\/2018\/02\/Unesco5p.jpg\"><img loading=\"lazy\" decoding=\"async\" class=\"aligncenter size-full wp-image-2738\" src=\"http:\/\/marskylainen.fi\/wp-content\/uploads\/2018\/02\/Unesco5p.jpg\" alt=\"\" width=\"600\" height=\"337\" srcset=\"https:\/\/marskylainen.fi\/wp-content\/uploads\/2018\/02\/Unesco5p.jpg 600w, https:\/\/marskylainen.fi\/wp-content\/uploads\/2018\/02\/Unesco5p-350x197.jpg 350w, https:\/\/marskylainen.fi\/wp-content\/uploads\/2018\/02\/Unesco5p-465x261.jpg 465w\" sizes=\"auto, (max-width: 600px) 100vw, 600px\" \/><\/a><\/p>\n<p>M\u00e4rskyss\u00e4 j\u00e4rjestettiin tiistaina 6.2.2018 koko koulun tapahtuma, jonka teemoina olivat rasismin vastaisuus, tasa-arvo, yhdenmukaisuus ja monikulttuurisuus. Kouluumme saapui vieraaksi Michaela Moua, joka on entinen koulumme opiskelija. H\u00e4net valittiin viime vuonna vuoden M\u00e4rskyksi ja h\u00e4n toimii nyky\u00e4\u00e4n ihmisoikeusaktivistina. Lis\u00e4ksi saimme vieraiksemme my\u00f6s henkil\u00f6it\u00e4, joilla oli eri uskonnollinen tai etninen tausta \u2013 edustajat juutalaisesta, ortodoksisesta ja evankelisluterilaisesta seurakunnasta, islamin uskosta sek\u00e4 inarin- ja koltansaamelaisista.<!--more--><\/p>\n<p><a href=\"http:\/\/marskylainen.fi\/wp-content\/uploads\/2018\/02\/Unesco6p.jpg\"><img loading=\"lazy\" decoding=\"async\" class=\"alignleft size-full wp-image-2739\" src=\"http:\/\/marskylainen.fi\/wp-content\/uploads\/2018\/02\/Unesco6p.jpg\" alt=\"\" width=\"600\" height=\"337\" srcset=\"https:\/\/marskylainen.fi\/wp-content\/uploads\/2018\/02\/Unesco6p.jpg 600w, https:\/\/marskylainen.fi\/wp-content\/uploads\/2018\/02\/Unesco6p-350x197.jpg 350w, https:\/\/marskylainen.fi\/wp-content\/uploads\/2018\/02\/Unesco6p-465x261.jpg 465w\" sizes=\"auto, (max-width: 600px) 100vw, 600px\" \/><\/a><\/p>\n<p>&nbsp;<\/p>\n<p>Tapahtumaan sis\u00e4ltyi Mouan puhe rasismin vastaisesta ty\u00f6st\u00e4\u00e4n, muiden vieraiden haastattelu heid\u00e4n kokemastaan rasismista ja syrjinn\u00e4st\u00e4 ja v\u00e4liss\u00e4 oli mausteena koulun musiikin kurssien esityksi\u00e4. N\u00e4in saamelaisten kansallisp\u00e4iv\u00e4n\u00e4 oli hyv\u00e4 her\u00e4tell\u00e4 niin opiskelijoiden kuin opettajienkin ajatuksia siit\u00e4, kuinka kohtelemme toisia ihmisi\u00e4 ja miten voimme vaikuttaa asioihin yhteiskunnassa. Niin kuin Moua sanoi, aktivismi ei vaadi suurtekoja. Jos uskaltaa sanoa mielipiteens\u00e4 \u00e4\u00e4neen, joka poikkeaa muiden mielipiteist\u00e4, ja ottaa n\u00e4in kantaa ep\u00e4oikeudenmukaisuuden kitkemiseksi, voi mielt\u00e4\u00e4 itsens\u00e4 aktivistiksi. Me kaikki M\u00e4rskyt olemme erilaisia, mik\u00e4 tekee koulustamme rikkaamman!<\/p>\n<p><em>Teksti: Eerika Kuurne<\/em><br \/>\n<em>Kuvat: Alisa Talasma<\/em><\/p>\n<p><a href=\"http:\/\/marskylainen.fi\/wp-content\/uploads\/2018\/02\/Unesco2p.jpg\"><img loading=\"lazy\" decoding=\"async\" class=\"alignleft size-full wp-image-2741\" src=\"http:\/\/marskylainen.fi\/wp-content\/uploads\/2018\/02\/Unesco2p.jpg\" alt=\"\" width=\"600\" height=\"337\" srcset=\"https:\/\/marskylainen.fi\/wp-content\/uploads\/2018\/02\/Unesco2p.jpg 600w, https:\/\/marskylainen.fi\/wp-content\/uploads\/2018\/02\/Unesco2p-350x197.jpg 350w, https:\/\/marskylainen.fi\/wp-content\/uploads\/2018\/02\/Unesco2p-465x261.jpg 465w\" sizes=\"auto, (max-width: 600px) 100vw, 600px\" \/><\/a><\/p>\n<p><a href=\"http:\/\/marskylainen.fi\/wp-content\/uploads\/2018\/02\/Unesco4p.jpg\"><img loading=\"lazy\" decoding=\"async\" class=\"alignleft size-full wp-image-2740\" src=\"http:\/\/marskylainen.fi\/wp-content\/uploads\/2018\/02\/Unesco4p.jpg\" alt=\"\" width=\"600\" height=\"337\" srcset=\"https:\/\/marskylainen.fi\/wp-content\/uploads\/2018\/02\/Unesco4p.jpg 600w, https:\/\/marskylainen.fi\/wp-content\/uploads\/2018\/02\/Unesco4p-350x197.jpg 350w, https:\/\/marskylainen.fi\/wp-content\/uploads\/2018\/02\/Unesco4p-465x261.jpg 465w\" sizes=\"auto, (max-width: 600px) 100vw, 600px\" \/><\/a><\/p>\n","protected":false},"excerpt":{"rendered":"<p>M\u00e4rskyss\u00e4 j\u00e4rjestettiin tiistaina 6.2.2018 koko koulun tapahtuma, jonka teemoina olivat rasismin vastaisuus, tasa-arvo, yhdenmukaisuus ja monikulttuurisuus. Kouluumme saapui vieraaksi Michaela Moua, joka on entinen koulumme opiskelija. H\u00e4net valittiin viime vuonna vuoden M\u00e4rskyksi ja h\u00e4n toimii nyky\u00e4\u00e4n ihmisoikeusaktivistina. Lis\u00e4ksi saimme vieraiksemme my\u00f6s henkil\u00f6it\u00e4, joilla oli eri uskonnollinen tai etninen tausta \u2013 edustajat juutalaisesta, ortodoksisesta ja evankelisluterilaisesta seurakunnasta, islamin uskosta sek\u00e4 inarin- ja koltansaamelaisista.<span class=\"more-link\"><a href=\"https:\/\/marskylainen.fi\/?p=2737\">Lue lis\u00e4\u00e4&#8230;<\/a><\/span><\/p>\n","protected":false},"author":3,"featured_media":2738,"comment_status":"open","ping_status":"open","sticky":false,"template":"","format":"standard","meta":{"footnotes":""},"categories":[3,4],"tags":[327,266,324,323,326,325,322],"class_list":["entry","author-elina","has-more-link","post-2737","post","type-post","status-publish","format-standard","has-post-thumbnail","category-ajankohtaista","category-oppilastoita","tag-alisa-talasma","tag-eerika-kuurne","tag-michaela-moua","tag-monikulttuurisuus","tag-rasismi","tag-saamelaispaiva","tag-yhdenmukaisuus"],"_links":{"self":[{"href":"https:\/\/marskylainen.fi\/index.php?rest_route=\/wp\/v2\/posts\/2737","targetHints":{"allow":["GET"]}}],"collection":[{"href":"https:\/\/marskylainen.fi\/index.php?rest_route=\/wp\/v2\/posts"}],"about":[{"href":"https:\/\/marskylainen.fi\/index.php?rest_route=\/wp\/v2\/types\/post"}],"author":[{"embeddable":true,"href":"https:\/\/marskylainen.fi\/index.php?rest_route=\/wp\/v2\/users\/3"}],"replies":[{"embeddable":true,"href":"https:\/\/marskylainen.fi\/index.php?rest_route=%2Fwp%2Fv2%2Fcomments&post=2737"}],"version-history":[{"count":3,"href":"https:\/\/marskylainen.fi\/index.php?rest_route=\/wp\/v2\/posts\/2737\/revisions"}],"predecessor-version":[{"id":2745,"href":"https:\/\/marskylainen.fi\/index.php?rest_route=\/wp\/v2\/posts\/2737\/revisions\/2745"}],"wp:featuredmedia":[{"embeddable":true,"href":"https:\/\/marskylainen.fi\/index.php?rest_route=\/wp\/v2\/media\/2738"}],"wp:attachment":[{"href":"https:\/\/marskylainen.fi\/index.php?rest_route=%2Fwp%2Fv2%2Fmedia&parent=2737"}],"wp:term":[{"taxonomy":"category","embeddable":true,"href":"https:\/\/marskylainen.fi\/index.php?rest_route=%2Fwp%2Fv2%2Fcategories&post=2737"},{"taxonomy":"post_tag","embeddable":true,"href":"https:\/\/marskylainen.fi\/index.php?rest_route=%2Fwp%2Fv2%2Ftags&post=2737"}],"curies":[{"name":"wp","href":"https:\/\/api.w.org\/{rel}","templated":true}]}}