{"id":2119,"date":"2016-06-02T11:47:09","date_gmt":"2016-06-02T08:47:09","guid":{"rendered":"http:\/\/marskylainen.fi\/?p=2119"},"modified":"2016-06-02T12:00:54","modified_gmt":"2016-06-02T09:00:54","slug":"berliinin-leirikoulu-2016","status":"publish","type":"post","link":"https:\/\/marskylainen.fi\/?p=2119","title":{"rendered":"Berliinin leirikoulu 2016"},"content":{"rendered":"<p>&nbsp;<\/p>\n<figure id=\"attachment_2120\" aria-describedby=\"caption-attachment-2120\" style=\"width: 300px\" class=\"wp-caption alignleft\"><a href=\"http:\/\/marskylainen.fi\/wp-content\/uploads\/2016\/06\/Berliini-2016.jpg\"><img loading=\"lazy\" decoding=\"async\" class=\"wp-image-2120 size-medium\" src=\"http:\/\/marskylainen.fi\/wp-content\/uploads\/2016\/06\/Berliini-2016-300x300.jpg\" alt=\"Berliini 2016\" width=\"300\" height=\"300\" srcset=\"https:\/\/marskylainen.fi\/wp-content\/uploads\/2016\/06\/Berliini-2016-300x300.jpg 300w, https:\/\/marskylainen.fi\/wp-content\/uploads\/2016\/06\/Berliini-2016-150x150.jpg 150w, https:\/\/marskylainen.fi\/wp-content\/uploads\/2016\/06\/Berliini-2016-768x768.jpg 768w, https:\/\/marskylainen.fi\/wp-content\/uploads\/2016\/06\/Berliini-2016.jpg 960w\" sizes=\"auto, (max-width: 300px) 100vw, 300px\" \/><\/a><figcaption id=\"caption-attachment-2120\" class=\"wp-caption-text\">Kuva: Wille Gr\u00f6hn<\/figcaption><\/figure>\n<p><em>Teksti: Elisa Soldan 14d<br \/>\n<\/em><\/p>\n<p><span style=\"font-weight: 400;\">Minulle j\u00e4i mieleen kaikin puolin todella positiivinen kokemus! En ollut koskaan ennen k\u00e4ynyt Saksassa ja odotin innolla Berliiniin p\u00e4\u00e4semist\u00e4. Oli my\u00f6s hauskaa p\u00e4\u00e4st\u00e4 puhumaan hieman saksaa ja n\u00e4kem\u00e4\u00e4n kulttuuria. Olin h\u00e4mm\u00e4stynyt siit\u00e4, ett\u00e4 historiaa oli kaupungissa ihan joka puolella. Oli hienoa p\u00e4\u00e4st\u00e4 k\u00e4ym\u00e4\u00e4n monessa kohteessa ja mielest\u00e4ni n\u00e4imme Berliinin t\u00e4rkeimpi\u00e4 ja tunnetuimpia n\u00e4ht\u00e4vyyksi\u00e4. Matkat kohteisiin oli j\u00e4rjestetty j\u00e4rkev\u00e4sti ja oli mukavaa, ett\u00e4 ohjelmaa oikeasti oli ja teimme paljon juttuja!<\/span><\/p>\n<p><span style=\"font-weight: 400;\">Mieleenpainuvin kokemus minulle oli Sachsenhausenin keskitysleiri. Se oli todella koskettava ja ajatuksia her\u00e4tt\u00e4v\u00e4 reissu. Oli my\u00f6s todella mielenkiintoista n\u00e4hd\u00e4 j\u00e4ljell\u00e4 olevaa Berliinin muuria, sek\u00e4 East Side Gallery oli mielest\u00e4ni hyvin vaikuttava.<\/span><!--more--><\/p>\n<figure id=\"attachment_2123\" aria-describedby=\"caption-attachment-2123\" style=\"width: 350px\" class=\"wp-caption aligncenter\"><a href=\"http:\/\/marskylainen.fi\/wp-content\/uploads\/2016\/06\/Tyt\u00f6t.jpg\"><img loading=\"lazy\" decoding=\"async\" class=\"size-medium wp-image-2123\" src=\"http:\/\/marskylainen.fi\/wp-content\/uploads\/2016\/06\/Tyt\u00f6t-350x263.jpg\" alt=\"Kuva: Viivi Puskala\" width=\"350\" height=\"263\" srcset=\"https:\/\/marskylainen.fi\/wp-content\/uploads\/2016\/06\/Tyt\u00f6t-350x263.jpg 350w, https:\/\/marskylainen.fi\/wp-content\/uploads\/2016\/06\/Tyt\u00f6t-768x576.jpg 768w, https:\/\/marskylainen.fi\/wp-content\/uploads\/2016\/06\/Tyt\u00f6t.jpg 960w\" sizes=\"auto, (max-width: 350px) 100vw, 350px\" \/><\/a><figcaption id=\"caption-attachment-2123\" class=\"wp-caption-text\">Kuva: Viivi Puskala<\/figcaption><\/figure>\n<p><span style=\"font-weight: 400;\">Kaupunki oli ylip\u00e4\u00e4t\u00e4\u00e4n mielest\u00e4ni todella ihana ja n\u00e4ht\u00e4v\u00e4\u00e4 kyll\u00e4 riitti! Opin paljon uutta Saksan historiasta ja oli mielenkiintoista oppia muiden oppilaiden valmistelemien esitelmien kautta! Esitykset olivat paljon vaikuttavampia kun ne pidettiin itse kohteessa ja p\u00e4\u00e4si n\u00e4kem\u00e4\u00e4n asioita samaa aikaa. Meill\u00e4 oli reissussa tosi mukava porukka mukana ja oli mahtavaa p\u00e4\u00e4st\u00e4 tutustumaan uusiin ihmisiin! Tulimme kaikki yhdess\u00e4 hyvin toimeen ja asioita oli kiva tehd\u00e4. Plussaa oli my\u00f6s se, ett\u00e4 joka p\u00e4iv\u00e4 j\u00e4i riitt\u00e4v\u00e4sti vapaa-aikaa ja sai kulkea vapaasti. Reissu onnistui ilman suurempia vaikeuksia ja olen tosi iloinen ett\u00e4 l\u00e4hdin matkalle mukaan! Kiitos erityisesti Lauralle ja Merville!<\/span><\/p>\n<figure id=\"attachment_2124\" aria-describedby=\"caption-attachment-2124\" style=\"width: 350px\" class=\"wp-caption aligncenter\"><a href=\"http:\/\/marskylainen.fi\/wp-content\/uploads\/2016\/06\/Joenvartta.jpg\"><img loading=\"lazy\" decoding=\"async\" class=\"size-medium wp-image-2124\" src=\"http:\/\/marskylainen.fi\/wp-content\/uploads\/2016\/06\/Joenvartta-350x197.jpg\" alt=\"Kuva: Elisa Soldan\" width=\"350\" height=\"197\" srcset=\"https:\/\/marskylainen.fi\/wp-content\/uploads\/2016\/06\/Joenvartta-350x197.jpg 350w, https:\/\/marskylainen.fi\/wp-content\/uploads\/2016\/06\/Joenvartta-768x432.jpg 768w, https:\/\/marskylainen.fi\/wp-content\/uploads\/2016\/06\/Joenvartta.jpg 960w\" sizes=\"auto, (max-width: 350px) 100vw, 350px\" \/><\/a><figcaption id=\"caption-attachment-2124\" class=\"wp-caption-text\">Kuva: Elisa Soldan<\/figcaption><\/figure>\n<figure style=\"width: 350px\" class=\"wp-caption aligncenter\"><a href=\"http:\/\/marskylainen.fi\/wp-content\/uploads\/2016\/06\/Sachsenhausen.jpg\"><img loading=\"lazy\" decoding=\"async\" class=\"wp-image-2125 size-medium\" src=\"http:\/\/marskylainen.fi\/wp-content\/uploads\/2016\/06\/Sachsenhausen-350x263.jpg\" alt=\"Sachsenhausen\" width=\"350\" height=\"263\" srcset=\"https:\/\/marskylainen.fi\/wp-content\/uploads\/2016\/06\/Sachsenhausen-350x263.jpg 350w, https:\/\/marskylainen.fi\/wp-content\/uploads\/2016\/06\/Sachsenhausen-768x576.jpg 768w, https:\/\/marskylainen.fi\/wp-content\/uploads\/2016\/06\/Sachsenhausen.jpg 960w\" sizes=\"auto, (max-width: 350px) 100vw, 350px\" \/><\/a><figcaption class=\"wp-caption-text\">Kuva: Elisa Soldan<\/figcaption><\/figure>\n<p>&nbsp;<\/p>\n<\/div>\n<figure id=\"attachment_2126\" aria-describedby=\"caption-attachment-2126\" style=\"width: 350px\" class=\"wp-caption aligncenter\"><a href=\"http:\/\/marskylainen.fi\/wp-content\/uploads\/2016\/06\/Joenvartta-1.jpg\"><img loading=\"lazy\" decoding=\"async\" class=\"size-medium wp-image-2126\" src=\"http:\/\/marskylainen.fi\/wp-content\/uploads\/2016\/06\/Joenvartta-1-350x197.jpg\" alt=\"Kuva: Elisa Soldan\" width=\"350\" height=\"197\" srcset=\"https:\/\/marskylainen.fi\/wp-content\/uploads\/2016\/06\/Joenvartta-1-350x197.jpg 350w, https:\/\/marskylainen.fi\/wp-content\/uploads\/2016\/06\/Joenvartta-1-768x432.jpg 768w, https:\/\/marskylainen.fi\/wp-content\/uploads\/2016\/06\/Joenvartta-1.jpg 960w\" sizes=\"auto, (max-width: 350px) 100vw, 350px\" \/><\/a><figcaption id=\"caption-attachment-2126\" class=\"wp-caption-text\">Kuva: Elisa Soldan<\/figcaption><\/figure>\n","protected":false},"excerpt":{"rendered":"<p>&nbsp; Teksti: Elisa Soldan 14d Minulle j\u00e4i mieleen kaikin puolin todella positiivinen kokemus! En ollut koskaan ennen k\u00e4ynyt Saksassa ja odotin innolla Berliiniin p\u00e4\u00e4semist\u00e4. Oli my\u00f6s hauskaa p\u00e4\u00e4st\u00e4 puhumaan hieman saksaa ja n\u00e4kem\u00e4\u00e4n kulttuuria. Olin h\u00e4mm\u00e4stynyt siit\u00e4, ett\u00e4 historiaa oli kaupungissa ihan joka puolella. Oli hienoa p\u00e4\u00e4st\u00e4 k\u00e4ym\u00e4\u00e4n monessa kohteessa ja mielest\u00e4ni n\u00e4imme Berliinin t\u00e4rkeimpi\u00e4 ja tunnetuimpia n\u00e4ht\u00e4vyyksi\u00e4. Matkat kohteisiin oli j\u00e4rjestetty j\u00e4rkev\u00e4sti ja oli mukavaa, ett\u00e4 ohjelmaa oikeasti oli<span class=\"more-link\"><a href=\"https:\/\/marskylainen.fi\/?p=2119\">Lue lis\u00e4\u00e4&#8230;<\/a><\/span><\/p>\n","protected":false},"author":3,"featured_media":0,"comment_status":"open","ping_status":"open","sticky":false,"template":"","format":"standard","meta":{"footnotes":""},"categories":[3,6,4],"tags":[252,253,254],"class_list":["entry","author-elina","has-more-link","post-2119","post","type-post","status-publish","format-standard","category-ajankohtaista","category-marskytmaailmalla","category-oppilastoita","tag-berliini","tag-elisa-soldan","tag-wille-grohn"],"_links":{"self":[{"href":"https:\/\/marskylainen.fi\/index.php?rest_route=\/wp\/v2\/posts\/2119","targetHints":{"allow":["GET"]}}],"collection":[{"href":"https:\/\/marskylainen.fi\/index.php?rest_route=\/wp\/v2\/posts"}],"about":[{"href":"https:\/\/marskylainen.fi\/index.php?rest_route=\/wp\/v2\/types\/post"}],"author":[{"embeddable":true,"href":"https:\/\/marskylainen.fi\/index.php?rest_route=\/wp\/v2\/users\/3"}],"replies":[{"embeddable":true,"href":"https:\/\/marskylainen.fi\/index.php?rest_route=%2Fwp%2Fv2%2Fcomments&post=2119"}],"version-history":[{"count":4,"href":"https:\/\/marskylainen.fi\/index.php?rest_route=\/wp\/v2\/posts\/2119\/revisions"}],"predecessor-version":[{"id":2128,"href":"https:\/\/marskylainen.fi\/index.php?rest_route=\/wp\/v2\/posts\/2119\/revisions\/2128"}],"wp:attachment":[{"href":"https:\/\/marskylainen.fi\/index.php?rest_route=%2Fwp%2Fv2%2Fmedia&parent=2119"}],"wp:term":[{"taxonomy":"category","embeddable":true,"href":"https:\/\/marskylainen.fi\/index.php?rest_route=%2Fwp%2Fv2%2Fcategories&post=2119"},{"taxonomy":"post_tag","embeddable":true,"href":"https:\/\/marskylainen.fi\/index.php?rest_route=%2Fwp%2Fv2%2Ftags&post=2119"}],"curies":[{"name":"wp","href":"https:\/\/api.w.org\/{rel}","templated":true}]}}