{"id":3077,"date":"2019-12-11T13:09:44","date_gmt":"2019-12-11T11:09:44","guid":{"rendered":"http:\/\/marskylainen.fi\/?p=3077"},"modified":"2019-12-11T13:15:44","modified_gmt":"2019-12-11T11:15:44","slug":"marsky-tutuksi-esittelyssa-koulun-psykologi-ja-kuraattori","status":"publish","type":"post","link":"http:\/\/marskylainen.fi\/?p=3077","title":{"rendered":"M\u00e4rsky tutuksi &#8211; esittelyss\u00e4 koulun psykologi ja kuraattori"},"content":{"rendered":"\n<p>T\u00e4n\u00e4 lukuvuonna M\u00e4rskyss\u00e4 ty\u00f6ns\u00e4 ovat aloittaneet koulun uusi psykologi  Eero Iso-Kokkila ja kuraattori  Hanna Kempe-Jalonen. Katso videohaastattelu, jossa he kertovat itsest\u00e4\u00e4n ja ty\u00f6st\u00e4\u00e4n M\u00e4rskyss\u00e4. Videolla selvi\u00e4\u00e4, miten heihin voi ottaa yhteytt\u00e4 ja millaisissa asioissa. N\u00e4ihin kahteen huipputyyppiin kannattaa tutustua!<\/p>\n\n\n\n<!--more-->\n\n\n\n<figure class=\"wp-block-embed-wordpress aligncenter wp-block-embed is-type-wp-embed is-provider-dream-broker\"><div class=\"wp-block-embed__wrapper\">\n<iframe loading=\"lazy\" title=\"Koulupsykologinja -kuraattorin haastattelu M\u00e4rsky 25.11.2019 22:03:04\" class=\"wp-embedded-content\" sandbox=\"allow-scripts\" security=\"restricted\" frameBorder=\"0\" width=\"854\" height=\"480\" src=\"https:\/\/www.dreambroker.com\/channel\/gr63r8tz\/iframe\/o2hh8tct#?secret=kfnXqR18UP\" data-secret=\"kfnXqR18UP\"><\/iframe>\n<\/div><figcaption>Esittelyss\u00e4 Eero ja Hanna. Apunasi aina tarvittaessa!<\/figcaption><\/figure>\n\n\n\n<p><strong><em>Video ja haastattelu: Erika Ketola, puheviestinn\u00e4nkurssilainen<\/em><\/strong><\/p>\n","protected":false},"excerpt":{"rendered":"<p>T\u00e4n\u00e4 lukuvuonna M\u00e4rskyss\u00e4 ty\u00f6ns\u00e4 ovat aloittaneet koulun uusi psykologi Eero Iso-Kokkila ja kuraattori Hanna Kempe-Jalonen. Katso videohaastattelu, jossa he kertovat itsest\u00e4\u00e4n ja ty\u00f6st\u00e4\u00e4n M\u00e4rskyss\u00e4. Videolla selvi\u00e4\u00e4, miten heihin voi ottaa yhteytt\u00e4 ja millaisissa asioissa. N\u00e4ihin kahteen huipputyyppiin kannattaa tutustua!<span class=\"more-link\"><a href=\"http:\/\/marskylainen.fi\/?p=3077\">Lue lis\u00e4\u00e4&#8230;<\/a><\/span><\/p>\n","protected":false},"author":11,"featured_media":3080,"comment_status":"open","ping_status":"open","sticky":false,"template":"","format":"standard","meta":{"footnotes":""},"categories":[3,1,10,4],"tags":[360,377,361,376],"class_list":["entry","author-mwp_auroora","has-more-link","post-3077","post","type-post","status-publish","format-standard","has-post-thumbnail","category-ajankohtaista","category-ei-kategoriaa","category-haastattelut","category-oppilastoita","tag-haastattelu","tag-kuraattori","tag-marsky-tutuksi","tag-psykologi"],"_links":{"self":[{"href":"http:\/\/marskylainen.fi\/index.php?rest_route=\/wp\/v2\/posts\/3077","targetHints":{"allow":["GET"]}}],"collection":[{"href":"http:\/\/marskylainen.fi\/index.php?rest_route=\/wp\/v2\/posts"}],"about":[{"href":"http:\/\/marskylainen.fi\/index.php?rest_route=\/wp\/v2\/types\/post"}],"author":[{"embeddable":true,"href":"http:\/\/marskylainen.fi\/index.php?rest_route=\/wp\/v2\/users\/11"}],"replies":[{"embeddable":true,"href":"http:\/\/marskylainen.fi\/index.php?rest_route=%2Fwp%2Fv2%2Fcomments&post=3077"}],"version-history":[{"count":3,"href":"http:\/\/marskylainen.fi\/index.php?rest_route=\/wp\/v2\/posts\/3077\/revisions"}],"predecessor-version":[{"id":3081,"href":"http:\/\/marskylainen.fi\/index.php?rest_route=\/wp\/v2\/posts\/3077\/revisions\/3081"}],"wp:featuredmedia":[{"embeddable":true,"href":"http:\/\/marskylainen.fi\/index.php?rest_route=\/wp\/v2\/media\/3080"}],"wp:attachment":[{"href":"http:\/\/marskylainen.fi\/index.php?rest_route=%2Fwp%2Fv2%2Fmedia&parent=3077"}],"wp:term":[{"taxonomy":"category","embeddable":true,"href":"http:\/\/marskylainen.fi\/index.php?rest_route=%2Fwp%2Fv2%2Fcategories&post=3077"},{"taxonomy":"post_tag","embeddable":true,"href":"http:\/\/marskylainen.fi\/index.php?rest_route=%2Fwp%2Fv2%2Ftags&post=3077"}],"curies":[{"name":"wp","href":"https:\/\/api.w.org\/{rel}","templated":true}]}}