{"id":2957,"date":"2019-03-18T18:15:58","date_gmt":"2019-03-18T16:15:58","guid":{"rendered":"http:\/\/marskylainen.fi\/?p=2957"},"modified":"2019-03-18T18:52:04","modified_gmt":"2019-03-18T16:52:04","slug":"marskyt-elokuvissa-blackkklansman","status":"publish","type":"post","link":"http:\/\/marskylainen.fi\/?p=2957","title":{"rendered":"M\u00e4rskyt elokuvissa: BlacKkKlansman"},"content":{"rendered":"\n<p>Torstaina 28.2. koko koulumme suuntasi kohti Kinopalatsia katsomaan yhdess\u00e4 Oscar-palkinnonkin voittanutta elokuvaa BlacKkKlansman. Elokuvan aiheita kansalaisoikeuksista, rotujen v\u00e4lisist\u00e4 suhteista ja rasismista puitiin eri oppiaineiden tunneilla monenlaisista n\u00e4k\u00f6kulmista. Elokuvak\u00e4ynti oli my\u00f6s osa M\u00e4kel\u00e4nrinteen lukion Unesco-ohjelmaa, jossa k\u00e4siteltiin syv\u00e4llisemmin elokuvaa j\u00e4rjest\u00f6n arvojen kautta ja opiskelijat tekiv\u00e4t sen tiimoilta erilaisia osasuorituksia, kuten min\u00e4 t\u00e4m\u00e4n tekstin. <br><\/p>\n\n\n\n<!--more-->\n\n\n\n<p>BlacKkKlansman on rohkea ja totuudenmukainen kuvaus 1970-luvun Yhdysvaltojen rotusorrosta, ja se on huolestuttavan ajankohtainen my\u00f6s nykymaailmassa. Siin\u00e4 kerrotaan tositapahtumiin perustuva tarina afroamerikkalaisesta poliisista, joka soluttautuu j\u00e4seneksi Ku Klux Klaniin. Elokuva on saanut paljon tunnusta kriitikoilta ja saavuttanut erilaisia palkintoja &#8211; eik\u00e4 suotta. <br><\/p>\n\n\n\n<figure class=\"wp-block-image\"><img loading=\"lazy\" decoding=\"async\" width=\"675\" height=\"533\" src=\"http:\/\/marskylainen.fi\/wp-content\/uploads\/2019\/03\/Na\u0308ytto\u0308kuva-2019-03-18-kello-18.40.16.png\" alt=\"\" class=\"wp-image-2965\" srcset=\"http:\/\/marskylainen.fi\/wp-content\/uploads\/2019\/03\/Na\u0308ytto\u0308kuva-2019-03-18-kello-18.40.16.png 675w, http:\/\/marskylainen.fi\/wp-content\/uploads\/2019\/03\/Na\u0308ytto\u0308kuva-2019-03-18-kello-18.40.16-350x276.png 350w, http:\/\/marskylainen.fi\/wp-content\/uploads\/2019\/03\/Na\u0308ytto\u0308kuva-2019-03-18-kello-18.40.16-465x367.png 465w, http:\/\/marskylainen.fi\/wp-content\/uploads\/2019\/03\/Na\u0308ytto\u0308kuva-2019-03-18-kello-18.40.16-633x500.png 633w\" sizes=\"auto, (max-width: 675px) 100vw, 675px\" \/><\/figure>\n\n\n\n<p>Elokuvassa esitelty rasismin \u00e4\u00e4ri-ilmi\u00f6 vaikutti aluksi monelle opiskelijalle absurdilta ja kaukaiselta ajatukselta menneisyydest\u00e4, mutta elokuvan lopussa v\u00e4l\u00e4ytetyt videop\u00e4tk\u00e4t Amerikan katukuvasta viime vuosilta her\u00e4tteliv\u00e4t katsojia rajusti todellisuuteen. T\u00e4m\u00e4 nosti pintaan paljon erin\u00e4isi\u00e4 tunteita, ajatuksia ja keskustelua, niin kuin hyv\u00e4n elokuvan kuuluukin. Kyseess\u00e4 ei ollut elokuvanautinto, jossa paetaan maailman menoa kahdeksi tunniksi, vaan p\u00e4invastoin. Se avasi yll\u00e4tt\u00e4en kaunistelemattomaa totuutta globaalista tasa-arvon tilasta ja toi n\u00e4in esiin t\u00e4rkeit\u00e4 puheenaiheita. Suosittelen kaikille enemm\u00e4n tai v\u00e4hemm\u00e4n kyseisest\u00e4 elokuvasta kiinnostuneille istahtamaan elokuvateatterin pehmeisiin penkkeihin avartamaan maailmaansa. <\/p>\n\n\n\n<p><strong>TEKSTI JA KUVA: EMILIA KOKKO<\/strong><\/p>\n","protected":false},"excerpt":{"rendered":"<p>Torstaina 28.2. koko koulumme suuntasi kohti Kinopalatsia katsomaan yhdess\u00e4 Oscar-palkinnonkin voittanutta elokuvaa BlacKkKlansman. Elokuvan aiheita kansalaisoikeuksista, rotujen v\u00e4lisist\u00e4 suhteista ja rasismista puitiin eri oppiaineiden tunneilla monenlaisista n\u00e4k\u00f6kulmista. Elokuvak\u00e4ynti oli my\u00f6s osa M\u00e4kel\u00e4nrinteen lukion Unesco-ohjelmaa, jossa k\u00e4siteltiin syv\u00e4llisemmin elokuvaa j\u00e4rjest\u00f6n arvojen kautta ja opiskelijat tekiv\u00e4t sen tiimoilta erilaisia osasuorituksia, kuten min\u00e4 t\u00e4m\u00e4n tekstin.<span class=\"more-link\"><a href=\"http:\/\/marskylainen.fi\/?p=2957\">Lue lis\u00e4\u00e4&#8230;<\/a><\/span><\/p>\n","protected":false},"author":8,"featured_media":2965,"comment_status":"open","ping_status":"open","sticky":false,"template":"","format":"standard","meta":{"footnotes":""},"categories":[3,4],"tags":[356,345,221],"class_list":["entry","author-krista","has-more-link","post-2957","post","type-post","status-publish","format-standard","has-post-thumbnail","category-ajankohtaista","category-oppilastoita","tag-blackklansman","tag-makelanrinteen-lukio","tag-marsky"],"_links":{"self":[{"href":"http:\/\/marskylainen.fi\/index.php?rest_route=\/wp\/v2\/posts\/2957","targetHints":{"allow":["GET"]}}],"collection":[{"href":"http:\/\/marskylainen.fi\/index.php?rest_route=\/wp\/v2\/posts"}],"about":[{"href":"http:\/\/marskylainen.fi\/index.php?rest_route=\/wp\/v2\/types\/post"}],"author":[{"embeddable":true,"href":"http:\/\/marskylainen.fi\/index.php?rest_route=\/wp\/v2\/users\/8"}],"replies":[{"embeddable":true,"href":"http:\/\/marskylainen.fi\/index.php?rest_route=%2Fwp%2Fv2%2Fcomments&post=2957"}],"version-history":[{"count":6,"href":"http:\/\/marskylainen.fi\/index.php?rest_route=\/wp\/v2\/posts\/2957\/revisions"}],"predecessor-version":[{"id":2968,"href":"http:\/\/marskylainen.fi\/index.php?rest_route=\/wp\/v2\/posts\/2957\/revisions\/2968"}],"wp:featuredmedia":[{"embeddable":true,"href":"http:\/\/marskylainen.fi\/index.php?rest_route=\/wp\/v2\/media\/2965"}],"wp:attachment":[{"href":"http:\/\/marskylainen.fi\/index.php?rest_route=%2Fwp%2Fv2%2Fmedia&parent=2957"}],"wp:term":[{"taxonomy":"category","embeddable":true,"href":"http:\/\/marskylainen.fi\/index.php?rest_route=%2Fwp%2Fv2%2Fcategories&post=2957"},{"taxonomy":"post_tag","embeddable":true,"href":"http:\/\/marskylainen.fi\/index.php?rest_route=%2Fwp%2Fv2%2Ftags&post=2957"}],"curies":[{"name":"wp","href":"https:\/\/api.w.org\/{rel}","templated":true}]}}