{"id":2781,"date":"2018-05-07T11:25:39","date_gmt":"2018-05-07T08:25:39","guid":{"rendered":"http:\/\/marskylainen.fi\/?p=2781"},"modified":"2018-05-07T11:25:39","modified_gmt":"2018-05-07T08:25:39","slug":"rooman-leirikoulu-10-16-4-2018","status":"publish","type":"post","link":"http:\/\/marskylainen.fi\/?p=2781","title":{"rendered":"ROOMAN LEIRIKOULU 10.\u201316.4.2018"},"content":{"rendered":"<figure id=\"attachment_2785\" aria-describedby=\"caption-attachment-2785\" style=\"width: 1500px\" class=\"wp-caption aligncenter\"><a href=\"http:\/\/marskylainen.fi\/wp-content\/uploads\/2018\/05\/Rooman-leirikouluryhm\u00e4-ja-Colosseum-e1525681130305.jpg\"><img loading=\"lazy\" decoding=\"async\" class=\"wp-image-2785 size-full\" src=\"http:\/\/marskylainen.fi\/wp-content\/uploads\/2018\/05\/Rooman-leirikouluryhm\u00e4-ja-Colosseum-e1525681130305.jpg\" alt=\"\" width=\"1500\" height=\"1125\" \/><\/a><figcaption id=\"caption-attachment-2785\" class=\"wp-caption-text\">Leirikoululaiset poseeraavat Colosseumin edess\u00e4<\/figcaption><\/figure>\n<p><u>\u00a0<\/u>Huhtikuisena tiistaiaamuna matkamme kohti Roomaa sai alkunsa. Mukaan matkalle l\u00e4hti kirjava joukko eri-ik\u00e4isi\u00e4 M\u00e4rskyj\u00e4 yhdess\u00e4 rehtori Vesa Viherv\u00e4n sek\u00e4 opettajien Maarit Keistisen ja Minna Strengin kanssa. Rooman leirikoulu kesti yhteens\u00e4 kuusi p\u00e4iv\u00e4\u00e4 ja viisi y\u00f6t\u00e4, jonka aikana ehdimme tutustua Rooman historiaan ja kulttuuriin.<\/p>\n<p>Matkamme alkoi tiistaina k\u00e4velyretkell\u00e4, jonka aikana tutustuimme hotellimme ymp\u00e4rist\u00f6\u00f6n sek\u00e4 piipahdimme muutamilla Rooman turistin\u00e4ht\u00e4vyyksill\u00e4 kuten Pantheonissa ja Vittorio Emanuele II monumentilla. Keskiviikon teemana oli antiikin aika, jolloin vierailimme Forum Boariumilla, Forum Romanumilla sek\u00e4 Colosseumissa.<\/p>\n<p>Torstaina matkamme suuntasi kohti Vatikaanivaltiota. Yll\u00e4tykseksemme saimme huomata, kuinka helposti valtion rajojen yli voi vain k\u00e4vell\u00e4 huomaamatta mit\u00e4\u00e4n. Vatikaanissa vierailimme Vatikaanin museoissa sek\u00e4 Pietarinkirkossa. Vatikaanin museossa saimme jopa vartijat per\u00e4\u00e4mme, kun rehtori Vesa Viherv\u00e4 kertoi meille vierailun yhteydess\u00e4 museon esineist\u00e4 ja h\u00e4net tuomittiinkin t\u00e4st\u00e4 syyst\u00e4 puhekieltoon museovierailun loppuajaksi.<\/p>\n<figure id=\"attachment_2782\" aria-describedby=\"caption-attachment-2782\" style=\"width: 1024px\" class=\"wp-caption aligncenter\"><a href=\"http:\/\/marskylainen.fi\/wp-content\/uploads\/2018\/05\/03.2-Pietarin-kirkon-kupolissa.jpeg\"><img loading=\"lazy\" decoding=\"async\" class=\"wp-image-2782 size-large\" src=\"http:\/\/marskylainen.fi\/wp-content\/uploads\/2018\/05\/03.2-Pietarin-kirkon-kupolissa-1024x768.jpeg\" alt=\"\" width=\"1024\" height=\"768\" srcset=\"http:\/\/marskylainen.fi\/wp-content\/uploads\/2018\/05\/03.2-Pietarin-kirkon-kupolissa-1024x768.jpeg 1024w, http:\/\/marskylainen.fi\/wp-content\/uploads\/2018\/05\/03.2-Pietarin-kirkon-kupolissa-350x263.jpeg 350w, http:\/\/marskylainen.fi\/wp-content\/uploads\/2018\/05\/03.2-Pietarin-kirkon-kupolissa-768x576.jpeg 768w, http:\/\/marskylainen.fi\/wp-content\/uploads\/2018\/05\/03.2-Pietarin-kirkon-kupolissa-465x349.jpeg 465w, http:\/\/marskylainen.fi\/wp-content\/uploads\/2018\/05\/03.2-Pietarin-kirkon-kupolissa-667x500.jpeg 667w, http:\/\/marskylainen.fi\/wp-content\/uploads\/2018\/05\/03.2-Pietarin-kirkon-kupolissa.jpeg 1600w\" sizes=\"auto, (max-width: 1024px) 100vw, 1024px\" \/><\/a><figcaption id=\"caption-attachment-2782\" class=\"wp-caption-text\">551 rapppusen j\u00e4lkeen Pietarin kirkon kupolissa<\/figcaption><\/figure>\n<p>Perjantaina vietimme kirkkop\u00e4iv\u00e4\u00e4 ja matkamme suuntautui kolmeen eri kirkkoon: San Clementeen, Lateraanikirkkoon sek\u00e4 Sant\u2019 Ignazio di Loyola nimiseen jesuiittakirkkoon. Vierailimme my\u00f6s Pyhill\u00e4 portailla, jotka meid\u00e4n harmiksemme kuitenkin olivat remontissa ja k\u00e4yt\u00f6ss\u00e4 olivat varaportaat. Perjantain iltap\u00e4iv\u00e4n ohjelmaan kuului my\u00f6s vierailu Capitoliumin museoissa.<\/p>\n<p>Lauantaina edess\u00e4 oli viimeinen yhteinen kohteemme, San Sebastianin katakombit. Syv\u00e4lle maan alle uppoavat katakombit tarjosivat j\u00e4nnityst\u00e4, vaikka ruumiiden j\u00e4\u00e4nn\u00f6kset j\u00e4iv\u00e4tkin n\u00e4kem\u00e4tt\u00e4. Sunnuntaiaamusta osa opiskelijoista suuntasi viel\u00e4 kohti Porta Portesen markkinoita ennen paluumatkaamme kohti Suomea.<\/p>\n<p>Matkan aikana saimme kuulla Vesan opastuksen lis\u00e4ksi opiskelijoiden esitelmi\u00e4 muun muassa Rooman historiasta ja legendoista, Forum Romanumista, Vestan neitsyist\u00e4, Circus Maximuksesta, orjista, manalanportista sek\u00e4 paaveista.<\/p>\n<p>Kuuden p\u00e4iv\u00e4n aikana ehdimme vierailla hyvin monissa tunnetuissa kohteissa ja k\u00e4velykilometrej\u00e4 kertyi mukavasti. Vapaa-aikaa oli kuitenkin iltaisin, jolloin suurin osa ajasta kului Via Corso -nimisell\u00e4 kadulla ostosten merkeiss\u00e4 sek\u00e4 hyv\u00e4n ruuan ja gelaton \u00e4\u00e4rell\u00e4. Matkan aikana opimme paljon uutta Roomasta sek\u00e4 tutustuimme toisiimme. Kaiken t\u00e4m\u00e4n lis\u00e4ksi p\u00e4\u00e4simme nauttimaan Rooman loistavasta s\u00e4\u00e4st\u00e4!<\/p>\n<p><strong>Teksti: Siiri Turunen<\/strong><\/p>\n<p>&nbsp;<\/p>\n","protected":false},"excerpt":{"rendered":"<p>\u00a0Huhtikuisena tiistaiaamuna matkamme kohti Roomaa sai alkunsa. Mukaan matkalle l\u00e4hti kirjava joukko eri-ik\u00e4isi\u00e4 M\u00e4rskyj\u00e4 yhdess\u00e4 rehtori Vesa Viherv\u00e4n sek\u00e4 opettajien Maarit Keistisen ja Minna Strengin kanssa. Rooman leirikoulu kesti yhteens\u00e4 kuusi p\u00e4iv\u00e4\u00e4 ja viisi y\u00f6t\u00e4, jonka aikana ehdimme tutustua Rooman historiaan ja kulttuuriin. Matkamme alkoi tiistaina k\u00e4velyretkell\u00e4, jonka aikana tutustuimme hotellimme ymp\u00e4rist\u00f6\u00f6n sek\u00e4 piipahdimme muutamilla Rooman turistin\u00e4ht\u00e4vyyksill\u00e4 kuten Pantheonissa ja Vittorio Emanuele II monumentilla. Keskiviikon teemana oli antiikin aika, jolloin<span class=\"more-link\"><a href=\"http:\/\/marskylainen.fi\/?p=2781\">Lue lis\u00e4\u00e4&#8230;<\/a><\/span><\/p>\n","protected":false},"author":3,"featured_media":2785,"comment_status":"open","ping_status":"open","sticky":false,"template":"","format":"standard","meta":{"footnotes":""},"categories":[6,4],"tags":[337,338,335,336],"class_list":["entry","author-elina","post-2781","post","type-post","status-publish","format-standard","has-post-thumbnail","category-marskytmaailmalla","category-oppilastoita","tag-colosseum","tag-pietarin-kirkko","tag-rooman-leirikoulu","tag-siiri-turunen"],"_links":{"self":[{"href":"http:\/\/marskylainen.fi\/index.php?rest_route=\/wp\/v2\/posts\/2781","targetHints":{"allow":["GET"]}}],"collection":[{"href":"http:\/\/marskylainen.fi\/index.php?rest_route=\/wp\/v2\/posts"}],"about":[{"href":"http:\/\/marskylainen.fi\/index.php?rest_route=\/wp\/v2\/types\/post"}],"author":[{"embeddable":true,"href":"http:\/\/marskylainen.fi\/index.php?rest_route=\/wp\/v2\/users\/3"}],"replies":[{"embeddable":true,"href":"http:\/\/marskylainen.fi\/index.php?rest_route=%2Fwp%2Fv2%2Fcomments&post=2781"}],"version-history":[{"count":2,"href":"http:\/\/marskylainen.fi\/index.php?rest_route=\/wp\/v2\/posts\/2781\/revisions"}],"predecessor-version":[{"id":2787,"href":"http:\/\/marskylainen.fi\/index.php?rest_route=\/wp\/v2\/posts\/2781\/revisions\/2787"}],"wp:featuredmedia":[{"embeddable":true,"href":"http:\/\/marskylainen.fi\/index.php?rest_route=\/wp\/v2\/media\/2785"}],"wp:attachment":[{"href":"http:\/\/marskylainen.fi\/index.php?rest_route=%2Fwp%2Fv2%2Fmedia&parent=2781"}],"wp:term":[{"taxonomy":"category","embeddable":true,"href":"http:\/\/marskylainen.fi\/index.php?rest_route=%2Fwp%2Fv2%2Fcategories&post=2781"},{"taxonomy":"post_tag","embeddable":true,"href":"http:\/\/marskylainen.fi\/index.php?rest_route=%2Fwp%2Fv2%2Ftags&post=2781"}],"curies":[{"name":"wp","href":"https:\/\/api.w.org\/{rel}","templated":true}]}}